{"id":22553,"date":"2016-06-06T12:23:08","date_gmt":"2016-06-06T12:23:08","guid":{"rendered":"http:\/\/plazajuarez.mx\/index\/index.php\/2016\/06\/06\/indicador-politico\/"},"modified":"2016-06-06T12:23:08","modified_gmt":"2016-06-06T12:23:08","slug":"indicador-politico","status":"publish","type":"post","link":"https:\/\/plazajuarez.mx\/historico\/indicador-politico\/","title":{"rendered":"INDICADOR POL\u00cdTICO"},"content":{"rendered":"<p><!-- [if gte mso 9]><xml>  <w:WordDocument>   <w:View>Normal<\/w:View>   <w:Zoom>0<\/w:Zoom>   <w:TrackMoves\/>   <w:TrackFormatting\/>   <w:HyphenationZone>21<\/w:HyphenationZone>   <w:PunctuationKerning\/>   <w:ValidateAgainstSchemas\/>   <w:SaveIfXMLInvalid>false<\/w:SaveIfXMLInvalid>   <w:IgnoreMixedContent>false<\/w:IgnoreMixedContent>   <w:AlwaysShowPlaceholderText>false<\/w:AlwaysShowPlaceholderText>   <w:DoNotPromoteQF\/>   <w:LidThemeOther>ES-TRAD<\/w:LidThemeOther>   <w:LidThemeAsian>X-NONE<\/w:LidThemeAsian>   <w:LidThemeComplexScript>X-NONE<\/w:LidThemeComplexScript>   <w:Compatibility>    <w:BreakWrappedTables\/>    <w:SnapToGridInCell\/>    <w:WrapTextWithPunct\/>    <w:UseAsianBreakRules\/>    <w:DontGrowAutofit\/>    <w:SplitPgBreakAndParaMark\/>    <w:EnableOpenTypeKerning\/>    <w:DontFlipMirrorIndents\/>    <w:OverrideTableStyleHps\/>   <\/w:Compatibility>   <w:DoNotOptimizeForBrowser\/>   <m:mathPr>    <m:mathFont m:val=\"Cambria Math\"\/>    <m:brkBin m:val=\"before\"\/>    <m:brkBinSub m:val=\"&#45;-\"\/>    <m:smallFrac m:val=\"off\"\/>    <m:dispDef\/>    <m:lMargin m:val=\"0\"\/>    <m:rMargin m:val=\"0\"\/>    <m:defJc m:val=\"centerGroup\"\/>    <m:wrapIndent m:val=\"1440\"\/>    <m:intLim m:val=\"subSup\"\/>    <m:naryLim m:val=\"undOvr\"\/>   <\/m:mathPr><\/w:WordDocument> <\/xml><![endif]--><\/p>\n<p class=\"MsoNormal\" style=\"text-indent: 35.45pt; line-height: 150%; text-align: left;\"><span style=\"font-size: 12.0pt;\">2018 en riesgo por 2016;<\/span><\/p>\n<p class=\"MsoNormal\" style=\"text-indent: 35.45pt; line-height: 150%; text-align: left;\"><span style=\"font-size: 12.0pt;\">viene otra reforma electoral<\/span><\/p>\n<p class=\"MsoNormal\" style=\"text-indent: 35.45pt; line-height: 150%; text-align: left;\"><span style=\"font-size: 12.0pt; line-height: 150%;\">La gran reforma electoral fue la de 1992-1996: le otorg\u00f3 la autonom\u00eda <b style=\"mso-bidi-font-weight: normal;\">total<\/b> al \u00f3rgano electoral federal, el IFE, pasando de la Comisi\u00f3n Federal Electoral controlada por Gobernaci\u00f3n al Instituto <b style=\"mso-bidi-font-weight: normal;\">sin<\/b> interferencia gubernamental<\/span><\/p>\n<p class=\"MsoNormal\" style=\"text-indent: 35.45pt; line-height: 150%;\">\u00a0<\/p>\n<p>  <!--more-->  <\/p>\n<p class=\"MsoNormal\" style=\"text-indent: 35.45pt; line-height: 150%;\">\u00a0<\/p>\n<p class=\"MsoNormal\" style=\"text-indent: 35.45pt; line-height: 150%;\"><span style=\"font-size: 12.0pt; line-height: 150%; background: yellow; mso-highlight: yellow;\">DATO<\/span><\/p>\n<p class=\"MsoNormal\" style=\"text-indent: 35.45pt; line-height: 150%;\"><span style=\"font-size: 12.0pt; line-height: 150%;\">El sistema electoral necesita <b style=\"mso-bidi-font-weight: normal;\">todo<\/b> nuevo: sal\u00f3n, <i style=\"mso-bidi-font-style: normal;\">talladores<\/i>, barajas, reglas y jugadores. Las guerras sucias, despilfarros abusivos, espionaje, penetraci\u00f3n del crimen organizado hicieron <b style=\"mso-bidi-font-weight: normal;\">trizas<\/b> al Instituto Nacional Electoral, al tribunal y a la fiscal\u00eda de delitos electorales y exhibieron el nivel de <b style=\"mso-bidi-font-weight: normal;\">incompetencia<\/b> de sus funcionarios. La reforma pol\u00edtico-electoral del 2014 fue <b style=\"mso-bidi-font-weight: normal;\">aplastada<\/b> por la realidad del fraude electoral y por la apuesta de todos los partidos &#8211;sobre todo el PRI que se juega el 2018&#8211; a la <b style=\"mso-bidi-font-weight: normal;\">anulaci\u00f3n<\/b> en plazas perdidas.<\/span><\/p>\n<p class=\"MsoNormal\" style=\"text-indent: 35.45pt; line-height: 150%;\">\u00a0<\/p>\n<p class=\"MsoNormal\" style=\"text-indent: 35.45pt; line-height: 150%;\">\u00a0<\/p>\n<p class=\"MsoNormal\" style=\"text-indent: 35.45pt; line-height: 150%;\">\u00a0<\/p>\n<p class=\"MsoNormal\" style=\"text-indent: 35.45pt; line-height: 150%;\">\u00a0<\/p>\n<p class=\"MsoNormal\" style=\"line-height: normal;\">\u00a0<\/p>\n<p class=\"MsoNormal\" style=\"text-indent: 35.45pt; line-height: 150%;\"><span style=\"font-size: 12.0pt; line-height: 150%;\">A pesar de que ya en los pasillos legislativos se <b style=\"mso-bidi-font-weight: normal;\">calienta<\/b> el ambiente para perfilar una nueva reforma electoral, las votaciones estatales del 2015 y 2016 han demostrado que el problema <b style=\"mso-bidi-font-weight: normal;\">no<\/b> es de leyes o reglas sino de los <b style=\"mso-bidi-font-weight: normal;\">comportamientos<\/b> pol\u00edticos de los partidos.<\/span><\/p>\n<p class=\"MsoNormal\" style=\"text-indent: 35.45pt; line-height: 150%;\"><span style=\"font-size: 12.0pt; line-height: 150%;\">Y como para enredar m\u00e1s las cosas, el fondo de las crisis electorales tiene que ver con las pr\u00e1cticas pol\u00edticas <b style=\"mso-bidi-font-weight: normal;\">inventadas<\/b> por el PRI desde 1929 y que han trasminado a la oposici\u00f3n porque en el PAN, el PRD y Morena los operadores electorales se graduaron en la <b style=\"mso-bidi-font-weight: normal;\">escuela<\/b> pr\u00e1ctica\u2026 del PRI de donde salieron para irse a la oposici\u00f3n.<\/span><\/p>\n<p class=\"MsoNormal\" style=\"text-indent: 35.45pt; line-height: 150%;\"><span style=\"font-size: 12.0pt; line-height: 150%;\">La gran reforma electoral fue la de 1992-1996: le otorg\u00f3 la autonom\u00eda <b style=\"mso-bidi-font-weight: normal;\">total<\/b> al \u00f3rgano electoral federal, el IFE, pasando de la Comisi\u00f3n Federal Electoral controlada por Gobernaci\u00f3n al Instituto <b style=\"mso-bidi-font-weight: normal;\">sin<\/b> interferencia gubernamental. Lo <b style=\"mso-bidi-font-weight: normal;\">malo<\/b> de las reformas posteriores fue el criterio de <b style=\"mso-bidi-font-weight: normal;\">desconfianza<\/b> que llev\u00f3 a construir una autoridad electoral marcada por la <b style=\"mso-bidi-font-weight: normal;\">sobrerregulaci\u00f3n<\/b> de las elecciones.<\/span><\/p>\n<p class=\"MsoNormal\" style=\"text-indent: 35.45pt; line-height: 150%;\"><span style=\"font-size: 12.0pt; line-height: 150%;\">Lo <b style=\"mso-bidi-font-weight: normal;\">grave<\/b> del asunto es que la sobrerregulaci\u00f3n inclusive fue saltada por los partidos, candidatos y grupos de poder; de aplicarse la ley con sentido estricto, las doce elecciones de gobernador y muchas de alcald\u00edas y diputados locales debieran <b style=\"mso-bidi-font-weight: normal;\">anularse<\/b> en su totalidad porque fueron procesos manipulados, sin certeza jur\u00eddica ni pol\u00edtica y con resultados <b style=\"mso-bidi-font-weight: normal;\">ileg\u00edtimos<\/b>.<\/span><\/p>\n<p class=\"MsoNormal\" style=\"text-indent: 35.45pt; line-height: 150%;\"><span style=\"font-size: 12.0pt; line-height: 150%;\">Lo que le hace falta al sistema pol\u00edtico en su versi\u00f3n electoral es un programa de <b style=\"mso-bidi-font-weight: normal;\">choque<\/b> heterodoxo: reventar un proceso para obligar a la reconstrucci\u00f3n <b style=\"mso-bidi-font-weight: normal;\">total<\/b> de la estructura electoral; de no ser as\u00ed, la reforma electoral que ya est\u00e1n preparando en algunos sectores legislativos ser\u00e1 de nueva cuenta <b style=\"mso-bidi-font-weight: normal;\">parchar<\/b> lo parchado, resanar algunas cuarteaduras y una <i style=\"mso-bidi-font-style: normal;\">manita de gato<\/i>. Eso s\u00ed, contin\u00faa adelante el <b style=\"mso-bidi-font-weight: normal;\">despilfarro<\/b> pol\u00edtico del Instituto Nacional Electoral para gastar mil 100 millones de pesos en un nuevo edificio de oficinas electorales que ayudar\u00edan a aliviar la aglomeraci\u00f3n burocr\u00e1tica pero <b style=\"mso-bidi-font-weight: normal;\">no<\/b> a resolver la crisis de organizaci\u00f3n de elecciones. El nuevo edificio se debe <b style=\"mso-bidi-font-weight: normal;\">detener<\/b> hasta reorganizar la estructura electoral porque su <b style=\"mso-bidi-font-weight: normal;\">adelgazamiento<\/b> necesario disminuir\u00eda el congestionamiento administrativo.<\/span><\/p>\n<p class=\"MsoNormal\" style=\"text-indent: 35.45pt; line-height: 150%;\"><span style=\"font-size: 12.0pt; line-height: 150%;\">El sistema electoral necesita <b style=\"mso-bidi-font-weight: normal;\">todo<\/b> nuevo: sal\u00f3n, <i style=\"mso-bidi-font-style: normal;\">talladores<\/i>, barajas, reglas y jugadores. Las guerras sucias, despilfarros abusivos, espionaje, penetraci\u00f3n del crimen organizado hicieron <b style=\"mso-bidi-font-weight: normal;\">trizas<\/b> al Instituto Nacional Electoral, al tribunal y a la fiscal\u00eda de delitos electorales y exhibieron el nivel de <b style=\"mso-bidi-font-weight: normal;\">incompetencia<\/b> de sus funcionarios. La reforma pol\u00edtico-electoral del 2014 fue <b style=\"mso-bidi-font-weight: normal;\">aplastada<\/b> por la realidad del fraude electoral y por la apuesta de todos los partidos &#8211;sobre todo el PRI que se juega el 2018&#8211; a la <b style=\"mso-bidi-font-weight: normal;\">anulaci\u00f3n<\/b> en plazas perdidas.<\/span><\/p>\n<p class=\"MsoNormal\" style=\"text-indent: 35.45pt; line-height: 150%;\"><span style=\"font-size: 12.0pt; line-height: 150%;\">Pero lo m\u00e1s importante que requiere la democracia electoral ahora en situaci\u00f3n de <b style=\"mso-bidi-font-weight: normal;\">muerte<\/b> cerebral es una ciudadan\u00eda consciente y no una sociedad que cambia su voto por una despensa, que se enoja e inventa independientes salidos de los mismos partidos y juegos de poder y que <b style=\"mso-bidi-font-weight: normal;\">legitima<\/b> en cada elecci\u00f3n el sistema pol\u00edtico de representaci\u00f3n de intereses.<\/span><\/p>\n<p class=\"MsoNormal\" style=\"text-indent: 35.45pt; line-height: 150%;\"><a name=\"h.gjdgxs\"><\/a><span style=\"font-size: 12.0pt; line-height: 150%;\">El saldo electoral del 5 de junio es <b style=\"mso-bidi-font-weight: normal;\">negativo<\/b>. Y ser\u00e1 <b style=\"mso-bidi-font-weight: normal;\">peor<\/b> para el 2018 si la reforma electoral se vuelve a hacer en funci\u00f3n de acuerdos en las c\u00fapulas del poder, sobre todo el PRI y el PAN, ahora con la <b style=\"mso-bidi-font-weight: normal;\">complicidad<\/b> de sobrevivencia del PRD. Y el INE con su presidente Lorenzo C\u00f3rdova y sus consejeros tratando de <b style=\"mso-bidi-font-weight: normal;\">prolongar<\/b> sus contratos a pesar de su propia ineficiencia.<\/span><\/p>\n<p class=\"MsoNormal\" style=\"text-indent: 35.45pt; line-height: 150%;\"><span style=\"font-size: 12.0pt; line-height: 150%;\">La conclusi\u00f3n es sencilla: con el <b style=\"mso-bidi-font-weight: normal;\">actual<\/b> sistema electoral el 2018 ser\u00e1 un <b style=\"mso-bidi-font-weight: normal;\">desastre<\/b> pol\u00edtico.<\/span><\/p>\n<p class=\"MsoNormal\" style=\"text-indent: 35.45pt; line-height: 150%;\">\u00a0<\/p>\n<p class=\"MsoNormal\" style=\"text-align: center; line-height: 150%;\" align=\"center\"><span style=\"font-size: 12.0pt; line-height: 150%;\">-0-<\/span><\/p>\n<p class=\"MsoNormal\" style=\"text-indent: 35.45pt; line-height: 150%;\">\u00a0<\/p>\n<p class=\"MsoNormal\" style=\"text-indent: 35.45pt; line-height: 150%;\"><b style=\"mso-bidi-font-weight: normal;\"><span style=\"font-size: 12.0pt; line-height: 150%;\">Pol\u00edtica para <i style=\"mso-bidi-font-style: normal;\">dummies<\/i><\/span><\/b><span style=\"font-size: 12.0pt; line-height: 150%;\">: La pol\u00edtica es el arte de decir para no decir.<\/span><\/p>\n<p class=\"MsoNormal\" style=\"text-indent: 35.45pt; line-height: 150%;\">\u00a0<\/p>\n<p class=\"MsoNormal\" style=\"text-indent: 35.45pt; line-height: 150%;\"><b style=\"mso-bidi-font-weight: normal;\"><span style=\"font-size: 12.0pt; line-height: 150%;\">S\u00f3lo para sus ojos<\/span><\/b><span style=\"font-size: 12.0pt; line-height: 150%;\">:<\/span><\/p>\n<p class=\"MsoNormalCxSpMiddle\" style=\"margin-left: 71.45pt; mso-add-space: auto; text-indent: -18.0pt; line-height: 150%; mso-list: l0 level1 lfo1;\"><span style=\"font-size: 12.0pt; line-height: 150%;\"><span style=\"mso-list: Ignore;\">\u25cf<span style=\"font: 7.0pt 'Times New Roman';\">\u00a0\u00a0\u00a0\u00a0 <\/span><\/span><\/span><span style=\"font-size: 12.0pt; line-height: 150%;\">La violencia pol\u00edtica en Oaxaca y Veracruz cerr\u00f3 el tiempo electoral pero dej\u00f3 fracturada a la sociedad. EL PRI estuvo detr\u00e1s de la radicalizaci\u00f3n de la lucha pol\u00edtica por la v\u00eda de la violencia. Ah\u00ed tiene Gobernaci\u00f3n que hacer un trabajo de control pol\u00edtico.<\/span><\/p>\n<p class=\"MsoNormalCxSpMiddle\" style=\"margin-left: 71.45pt; mso-add-space: auto; text-indent: -18.0pt; line-height: 150%; mso-list: l0 level1 lfo1;\"><span style=\"font-size: 12.0pt; line-height: 150%;\"><span style=\"mso-list: Ignore;\">\u25cf<span style=\"font: 7.0pt 'Times New Roman';\">\u00a0\u00a0\u00a0\u00a0 <\/span><\/span><\/span><span style=\"font-size: 12.0pt; line-height: 150%;\">Y otro tema latente: el crimen organizado s\u00ed se col\u00f3 en las elecciones; ello quiere decir que bandas est\u00e1n operando en pol\u00edtica y nadie parece querer hacer algo. Luego vienen las sorpresas como en Michoac\u00e1n, Guerrero y Tamaulipas.<\/span><\/p>\n<p class=\"MsoNormalCxSpMiddle\" style=\"margin-left: 71.45pt; mso-add-space: auto; text-indent: -18.0pt; line-height: 150%; mso-list: l0 level1 lfo1;\"><span style=\"font-size: 12.0pt; line-height: 150%;\"><span style=\"mso-list: Ignore;\">\u25cf<span style=\"font: 7.0pt 'Times New Roman';\">\u00a0\u00a0\u00a0\u00a0 <\/span><\/span><\/span><span style=\"font-size: 12.0pt; line-height: 150%;\">Y por las protestas judiciales, buena parte de las elecciones se resolver\u00e1 en tribunales, una forma de comprobar que el sistema electoral no funciona.<\/span><\/p>\n<p class=\"MsoNormalCxSpMiddle\" style=\"margin-left: 71.45pt; mso-add-space: auto; text-indent: -18.0pt; line-height: 150%; mso-list: l0 level1 lfo1;\"><span style=\"font-size: 12.0pt; line-height: 150%;\"><span style=\"mso-list: Ignore;\">\u25cf<span style=\"font: 7.0pt 'Times New Roman';\">\u00a0\u00a0\u00a0\u00a0 <\/span><\/span><\/span><span style=\"font-size: 12.0pt; line-height: 150%;\">La otra mala noticia: seguir\u00e1 el recorte de gasto p\u00fablico por ca\u00edda en ingresos pero tambi\u00e9n por presiones inflacionarias sobre el tipo de cambio.<\/span><\/p>\n<p class=\"MsoNormal\" style=\"text-indent: 35.45pt; line-height: 150%;\">\u00a0<\/p>\n<p class=\"MsoNormal\" style=\"line-height: normal;\"><a href=\"http:\/\/indicadorpolitico.mx\"><i style=\"mso-bidi-font-style: normal;\"><span style=\"font-size: 12.0pt; color: blue;\">http:\/\/indicadorpolitico.mx<\/span><\/i><\/a><\/p>\n<p class=\"MsoNormal\" style=\"line-height: normal;\"><a href=\"mailto:carlosramirezh@hotmail.com\"><i style=\"mso-bidi-font-style: normal;\"><span style=\"font-size: 12.0pt; color: blue;\">carlosramirezh@hotmail.com<\/span><\/i><\/a><\/p>\n<p class=\"MsoNormal\" style=\"line-height: normal;\"><i style=\"mso-bidi-font-style: normal;\"><span style=\"font-size: 12.0pt;\">@carlosramirezh<\/span><\/i><\/p>\n<p class=\"MsoNormal\" style=\"text-indent: 35.45pt; line-height: normal;\">\u00a0<\/p>\n<p class=\"MsoNormal\" style=\"text-align: center; line-height: normal;\" align=\"center\"><span style=\"font-size: 12.0pt;\">&#8212;30&#8212;<\/span><\/p>\n","protected":false},"excerpt":{"rendered":"<p>2018 en riesgo por 2016; viene otra reforma electoral La gran reforma electoral fue la de 1992-1996: le otorg\u00f3 la autonom\u00eda total al \u00f3rgano electoral federal, el IFE, pasando de la Comisi\u00f3n Federal Electoral controlada por Gobernaci\u00f3n al Instituto sin interferencia gubernamental \u00a0<\/p>\n","protected":false},"author":93,"featured_media":0,"comment_status":"open","ping_status":"open","sticky":false,"template":"","format":"standard","meta":{"footnotes":""},"categories":[42],"tags":[],"class_list":["post-22553","post","type-post","status-publish","format-standard","hentry","category-nuestrapalabra"],"_links":{"self":[{"href":"https:\/\/plazajuarez.mx\/historico\/wp-json\/wp\/v2\/posts\/22553","targetHints":{"allow":["GET"]}}],"collection":[{"href":"https:\/\/plazajuarez.mx\/historico\/wp-json\/wp\/v2\/posts"}],"about":[{"href":"https:\/\/plazajuarez.mx\/historico\/wp-json\/wp\/v2\/types\/post"}],"author":[{"embeddable":true,"href":"https:\/\/plazajuarez.mx\/historico\/wp-json\/wp\/v2\/users\/93"}],"replies":[{"embeddable":true,"href":"https:\/\/plazajuarez.mx\/historico\/wp-json\/wp\/v2\/comments?post=22553"}],"version-history":[{"count":0,"href":"https:\/\/plazajuarez.mx\/historico\/wp-json\/wp\/v2\/posts\/22553\/revisions"}],"wp:attachment":[{"href":"https:\/\/plazajuarez.mx\/historico\/wp-json\/wp\/v2\/media?parent=22553"}],"wp:term":[{"taxonomy":"category","embeddable":true,"href":"https:\/\/plazajuarez.mx\/historico\/wp-json\/wp\/v2\/categories?post=22553"},{"taxonomy":"post_tag","embeddable":true,"href":"https:\/\/plazajuarez.mx\/historico\/wp-json\/wp\/v2\/tags?post=22553"}],"curies":[{"name":"wp","href":"https:\/\/api.w.org\/{rel}","templated":true}]}}