{"id":225255,"date":"2022-08-07T13:16:16","date_gmt":"2022-08-07T18:16:16","guid":{"rendered":"https:\/\/plazajuarez.mx\/?p=225255"},"modified":"2022-08-07T13:16:22","modified_gmt":"2022-08-07T18:16:22","slug":"cristiano_manchester","status":"publish","type":"post","link":"https:\/\/plazajuarez.mx\/historico\/cristiano_manchester\/","title":{"rendered":"Manchester United castiga a Cristiano Ronaldo"},"content":{"rendered":"\n<p>La era de Ten Hag con el Manchester United inici\u00f3 con el pie izquierdo en la Premier League, el equipo perdi\u00f3 en casa en la primera fecha de la competencia ante el Brighton.<\/p>\n\n\n\n<p>Y una de las primeras novedades de t\u00e9cnico neerland\u00e9s al frente del banquillo fue el mandar a Cristiano Ronaldo a la banca, el portugu\u00e9s no fue considerado y durante el encuentro mostr\u00f3 su molestia por no formar parte de la oncena titular.<\/p>\n\n\n\n<p>La aparici\u00f3n del exjugador del Real Madrid llegar\u00eda en la parte complementaria al minuto 53&#8242;, ya con el marcador en contra y la presi\u00f3n de la afici\u00f3n por el resultado.<\/p>\n\n\n\n<p>Desde su ingreso al campo el equipo del Manchester United mejor\u00f3 en su idea de juego, pero no pudo remontar el resultado perdi\u00f3 1-2.<\/p>\n\n\n\n<p>La ausencia del portugu\u00e9s es un fuerte llamado de atenci\u00f3n por parte del entrenador y la directiva, quienes le han demostrado a Cristiano Ronaldo que es uno m\u00e1s en el plantel.<\/p>\n","protected":false},"excerpt":{"rendered":"<p>La era de Ten Hag con el Manchester United inici\u00f3 con el pie izquierdo en la Premier League, el equipo perdi\u00f3 en casa en la primera fecha de la competencia ante el Brighton. Y una de las primeras novedades de t\u00e9cnico neerland\u00e9s al frente del banquillo fue el mandar a Cristiano Ronaldo a la banca, [&hellip;]<\/p>\n","protected":false},"author":81,"featured_media":225256,"comment_status":"closed","ping_status":"closed","sticky":false,"template":"","format":"standard","meta":{"footnotes":""},"categories":[39],"tags":[],"class_list":["post-225255","post","type-post","status-publish","format-standard","has-post-thumbnail","hentry","category-deportiva"],"_links":{"self":[{"href":"https:\/\/plazajuarez.mx\/historico\/wp-json\/wp\/v2\/posts\/225255","targetHints":{"allow":["GET"]}}],"collection":[{"href":"https:\/\/plazajuarez.mx\/historico\/wp-json\/wp\/v2\/posts"}],"about":[{"href":"https:\/\/plazajuarez.mx\/historico\/wp-json\/wp\/v2\/types\/post"}],"author":[{"embeddable":true,"href":"https:\/\/plazajuarez.mx\/historico\/wp-json\/wp\/v2\/users\/81"}],"replies":[{"embeddable":true,"href":"https:\/\/plazajuarez.mx\/historico\/wp-json\/wp\/v2\/comments?post=225255"}],"version-history":[{"count":0,"href":"https:\/\/plazajuarez.mx\/historico\/wp-json\/wp\/v2\/posts\/225255\/revisions"}],"wp:featuredmedia":[{"embeddable":true,"href":"https:\/\/plazajuarez.mx\/historico\/wp-json\/wp\/v2\/media\/225256"}],"wp:attachment":[{"href":"https:\/\/plazajuarez.mx\/historico\/wp-json\/wp\/v2\/media?parent=225255"}],"wp:term":[{"taxonomy":"category","embeddable":true,"href":"https:\/\/plazajuarez.mx\/historico\/wp-json\/wp\/v2\/categories?post=225255"},{"taxonomy":"post_tag","embeddable":true,"href":"https:\/\/plazajuarez.mx\/historico\/wp-json\/wp\/v2\/tags?post=225255"}],"curies":[{"name":"wp","href":"https:\/\/api.w.org\/{rel}","templated":true}]}}