{"id":225252,"date":"2022-08-07T13:09:38","date_gmt":"2022-08-07T18:09:38","guid":{"rendered":"https:\/\/plazajuarez.mx\/?p=225252"},"modified":"2022-08-07T13:09:44","modified_gmt":"2022-08-07T18:09:44","slug":"barcelona_pumas","status":"publish","type":"post","link":"https:\/\/plazajuarez.mx\/historico\/barcelona_pumas\/","title":{"rendered":"Barcelona vs Pumas. Disputan el Trofeo Joan Gamper"},"content":{"rendered":"\n<p>Lleg\u00f3 el momento que los Pumas esperaban, es hora de entrar a la cancha del Camp Nou y enfrentar al Barcelona, en la disputa por el Trofeo Joan Gamper.<\/p>\n\n\n\n<p>Los universitarios, con Dani Alves de su lado y con la inspiraci\u00f3n de alguna vez ya haber conseguido el Trofeo Santiago Bernab\u00e9u ante el Real Madrid, saldr\u00e1n al inmueble catal\u00e1n a darle batalla a los cul\u00e9s.<\/p>\n\n\n\n<p>Del otro lado, ya con la incorporaci\u00f3n de Robert Lewandowski, los blaugranas querr\u00e1n dar muestra de qu\u00e9 est\u00e1n hechos y con qu\u00e9 van a llegar a la nueva temporada del campeonato espa\u00f1ol, que dar\u00e1 inicio en los pr\u00f3ximos d\u00edas.<\/p>\n","protected":false},"excerpt":{"rendered":"<p>Lleg\u00f3 el momento que los Pumas esperaban, es hora de entrar a la cancha del Camp Nou y enfrentar al Barcelona, en la disputa por el Trofeo Joan Gamper. Los universitarios, con Dani Alves de su lado y con la inspiraci\u00f3n de alguna vez ya haber conseguido el Trofeo Santiago Bernab\u00e9u ante el Real Madrid, [&hellip;]<\/p>\n","protected":false},"author":81,"featured_media":225253,"comment_status":"closed","ping_status":"closed","sticky":false,"template":"","format":"standard","meta":{"footnotes":""},"categories":[39],"tags":[],"class_list":["post-225252","post","type-post","status-publish","format-standard","has-post-thumbnail","hentry","category-deportiva"],"_links":{"self":[{"href":"https:\/\/plazajuarez.mx\/historico\/wp-json\/wp\/v2\/posts\/225252","targetHints":{"allow":["GET"]}}],"collection":[{"href":"https:\/\/plazajuarez.mx\/historico\/wp-json\/wp\/v2\/posts"}],"about":[{"href":"https:\/\/plazajuarez.mx\/historico\/wp-json\/wp\/v2\/types\/post"}],"author":[{"embeddable":true,"href":"https:\/\/plazajuarez.mx\/historico\/wp-json\/wp\/v2\/users\/81"}],"replies":[{"embeddable":true,"href":"https:\/\/plazajuarez.mx\/historico\/wp-json\/wp\/v2\/comments?post=225252"}],"version-history":[{"count":0,"href":"https:\/\/plazajuarez.mx\/historico\/wp-json\/wp\/v2\/posts\/225252\/revisions"}],"wp:featuredmedia":[{"embeddable":true,"href":"https:\/\/plazajuarez.mx\/historico\/wp-json\/wp\/v2\/media\/225253"}],"wp:attachment":[{"href":"https:\/\/plazajuarez.mx\/historico\/wp-json\/wp\/v2\/media?parent=225252"}],"wp:term":[{"taxonomy":"category","embeddable":true,"href":"https:\/\/plazajuarez.mx\/historico\/wp-json\/wp\/v2\/categories?post=225252"},{"taxonomy":"post_tag","embeddable":true,"href":"https:\/\/plazajuarez.mx\/historico\/wp-json\/wp\/v2\/tags?post=225252"}],"curies":[{"name":"wp","href":"https:\/\/api.w.org\/{rel}","templated":true}]}}