{"id":225246,"date":"2022-08-07T12:53:27","date_gmt":"2022-08-07T17:53:27","guid":{"rendered":"https:\/\/plazajuarez.mx\/?p=225246"},"modified":"2022-08-07T12:53:34","modified_gmt":"2022-08-07T17:53:34","slug":"ricardo_salinas","status":"publish","type":"post","link":"https:\/\/plazajuarez.mx\/historico\/ricardo_salinas\/","title":{"rendered":"Ricardo Salinas s\u00ed se animar\u00eda a comprar a las Chivas"},"content":{"rendered":"\n<p>La crisis que viven las Chivas han llevado a muchos aficionados del equipo a lanzar la petici\u00f3n a Amaury Vergara de que venda al equipo.<\/p>\n\n\n\n<p>Y esto en cierta parte fue replicado por David Faitelson, quien le hizo una sugerencia a Ricardo Salinas de comprar al Guadalajara.<\/p>\n\n\n\n<p>&#8220;La profunda crisis de Chivas me lleva a una pregunta: Don RicardoBSalinas \u2026\u00bfPor qu\u00e9 no vende usted Puebla, Mazatl\u00e1n, Atlas y Santos y hace una oferta por las Chivas?&#8221;, escribi\u00f3 el periodista de ESPN.<\/p>\n\n\n\n<p>Y la respuesta del empresario lleg\u00f3: &#8220;Vender no, comprar chivas\u2026 pues pienso igual que con la compra de Citibanamex. Comprar problemas para tener que arreglarlos luego y que digan que por mi culpa no funcionan\u2026 no, la verdad no. Pero igual y si se ponen a modo, Amaury tiene el n\u00famero de mis asistentes&#8221;.<\/p>\n\n\n\n<p>Ante esto, algunos seguidores del Reba\u00f1o le pidieron al due\u00f1o de TV Azteca que haga su oferta por los rojiblancos, aunque muchos otros prefirieron que el cuadro tapat\u00edo se mantenga bajo la administraci\u00f3n de Amaury.<\/p>\n","protected":false},"excerpt":{"rendered":"<p>La crisis que viven las Chivas han llevado a muchos aficionados del equipo a lanzar la petici\u00f3n a Amaury Vergara de que venda al equipo. Y esto en cierta parte fue replicado por David Faitelson, quien le hizo una sugerencia a Ricardo Salinas de comprar al Guadalajara. &#8220;La profunda crisis de Chivas me lleva a [&hellip;]<\/p>\n","protected":false},"author":81,"featured_media":225247,"comment_status":"closed","ping_status":"closed","sticky":false,"template":"","format":"standard","meta":{"footnotes":""},"categories":[39],"tags":[],"class_list":["post-225246","post","type-post","status-publish","format-standard","has-post-thumbnail","hentry","category-deportiva"],"_links":{"self":[{"href":"https:\/\/plazajuarez.mx\/historico\/wp-json\/wp\/v2\/posts\/225246","targetHints":{"allow":["GET"]}}],"collection":[{"href":"https:\/\/plazajuarez.mx\/historico\/wp-json\/wp\/v2\/posts"}],"about":[{"href":"https:\/\/plazajuarez.mx\/historico\/wp-json\/wp\/v2\/types\/post"}],"author":[{"embeddable":true,"href":"https:\/\/plazajuarez.mx\/historico\/wp-json\/wp\/v2\/users\/81"}],"replies":[{"embeddable":true,"href":"https:\/\/plazajuarez.mx\/historico\/wp-json\/wp\/v2\/comments?post=225246"}],"version-history":[{"count":0,"href":"https:\/\/plazajuarez.mx\/historico\/wp-json\/wp\/v2\/posts\/225246\/revisions"}],"wp:featuredmedia":[{"embeddable":true,"href":"https:\/\/plazajuarez.mx\/historico\/wp-json\/wp\/v2\/media\/225247"}],"wp:attachment":[{"href":"https:\/\/plazajuarez.mx\/historico\/wp-json\/wp\/v2\/media?parent=225246"}],"wp:term":[{"taxonomy":"category","embeddable":true,"href":"https:\/\/plazajuarez.mx\/historico\/wp-json\/wp\/v2\/categories?post=225246"},{"taxonomy":"post_tag","embeddable":true,"href":"https:\/\/plazajuarez.mx\/historico\/wp-json\/wp\/v2\/tags?post=225246"}],"curies":[{"name":"wp","href":"https:\/\/api.w.org\/{rel}","templated":true}]}}