{"id":225243,"date":"2022-08-07T12:38:17","date_gmt":"2022-08-07T17:38:17","guid":{"rendered":"https:\/\/plazajuarez.mx\/?p=225243"},"modified":"2022-08-07T12:38:23","modified_gmt":"2022-08-07T17:38:23","slug":"amlo_confirma","status":"publish","type":"post","link":"https:\/\/plazajuarez.mx\/historico\/amlo_confirma\/","title":{"rendered":"AMLO confirma visita a mina en Sabinas, Coahuila"},"content":{"rendered":"\n<p>El presidente Andr\u00e9s Manuel L\u00f3pez Obrador confirm\u00f3 que s\u00ed acudir\u00e1 este domingo a la mina en Sabinas, Coahuila, donde permanecen 10 trabajadores atrapados.<\/p>\n\n\n\n<p>Inform\u00f3 que viajar\u00e1 en un avi\u00f3n de las Fuerzas Armadas. &#8220;Voy para all\u00e1&#8221;, mencion\u00f3 y agreg\u00f3: &#8220;Voy a ver c\u00f3mo est\u00e1 la situaci\u00f3n&#8221;.<\/p>\n","protected":false},"excerpt":{"rendered":"<p>El presidente Andr\u00e9s Manuel L\u00f3pez Obrador confirm\u00f3 que s\u00ed acudir\u00e1 este domingo a la mina en Sabinas, Coahuila, donde permanecen 10 trabajadores atrapados. Inform\u00f3 que viajar\u00e1 en un avi\u00f3n de las Fuerzas Armadas. &#8220;Voy para all\u00e1&#8221;, mencion\u00f3 y agreg\u00f3: &#8220;Voy a ver c\u00f3mo est\u00e1 la situaci\u00f3n&#8221;.<\/p>\n","protected":false},"author":81,"featured_media":225244,"comment_status":"closed","ping_status":"closed","sticky":false,"template":"","format":"standard","meta":{"footnotes":""},"categories":[36],"tags":[],"class_list":["post-225243","post","type-post","status-publish","format-standard","has-post-thumbnail","hentry","category-nacion"],"_links":{"self":[{"href":"https:\/\/plazajuarez.mx\/historico\/wp-json\/wp\/v2\/posts\/225243","targetHints":{"allow":["GET"]}}],"collection":[{"href":"https:\/\/plazajuarez.mx\/historico\/wp-json\/wp\/v2\/posts"}],"about":[{"href":"https:\/\/plazajuarez.mx\/historico\/wp-json\/wp\/v2\/types\/post"}],"author":[{"embeddable":true,"href":"https:\/\/plazajuarez.mx\/historico\/wp-json\/wp\/v2\/users\/81"}],"replies":[{"embeddable":true,"href":"https:\/\/plazajuarez.mx\/historico\/wp-json\/wp\/v2\/comments?post=225243"}],"version-history":[{"count":0,"href":"https:\/\/plazajuarez.mx\/historico\/wp-json\/wp\/v2\/posts\/225243\/revisions"}],"wp:featuredmedia":[{"embeddable":true,"href":"https:\/\/plazajuarez.mx\/historico\/wp-json\/wp\/v2\/media\/225244"}],"wp:attachment":[{"href":"https:\/\/plazajuarez.mx\/historico\/wp-json\/wp\/v2\/media?parent=225243"}],"wp:term":[{"taxonomy":"category","embeddable":true,"href":"https:\/\/plazajuarez.mx\/historico\/wp-json\/wp\/v2\/categories?post=225243"},{"taxonomy":"post_tag","embeddable":true,"href":"https:\/\/plazajuarez.mx\/historico\/wp-json\/wp\/v2\/tags?post=225243"}],"curies":[{"name":"wp","href":"https:\/\/api.w.org\/{rel}","templated":true}]}}