{"id":225241,"date":"2022-08-07T12:20:47","date_gmt":"2022-08-07T17:20:47","guid":{"rendered":"https:\/\/plazajuarez.mx\/?p=225241"},"modified":"2022-08-07T12:20:54","modified_gmt":"2022-08-07T17:20:54","slug":"checho_perez","status":"publish","type":"post","link":"https:\/\/plazajuarez.mx\/historico\/checho_perez\/","title":{"rendered":"&#8220;Checo&#8221; P\u00e9rez ha recibido una buena noticia desde Red Bull"},"content":{"rendered":"\n<p> M\u00e1s all\u00e1 de que tiene contrato con Red Bull hasta 2024, Sergio &#8220;Checo&#8221; P\u00e9rez ha recibido una buena noticia, que le otorgar\u00e1 cierta tranquilidad.<\/p>\n\n\n\n<p>Todo parece indicar que el piloto franc\u00e9s Pierre Gasly saldr\u00e1 de AlphaTauri (filial de Red Bull) para la pr\u00f3xima temporada, con lo que &#8220;Checo&#8221; ya no tendr\u00eda en la escuder\u00eda austriaca a alguien que pueda hacerle sombra.<\/p>\n\n\n\n<p>De por s\u00ed, se antojaba dif\u00edcil que alguien pueda quitarle el puesto al mexicano, ya que ha tenido una buena campa\u00f1a y se ubica en el tercer puesto del campeonato de pilotos, aunque nunca viene mal saber que no hay competencia.<\/p>\n\n\n\n<p>La F\u00f3rmula Uno se encuentra actualmente en el receso veraniego y se reanudar\u00e1 en B\u00e9lgica, durante el \u00faltimo fin de semana de este mes.<\/p>\n","protected":false},"excerpt":{"rendered":"<p>M\u00e1s all\u00e1 de que tiene contrato con Red Bull hasta 2024, Sergio &#8220;Checo&#8221; P\u00e9rez ha recibido una buena noticia, que le otorgar\u00e1 cierta tranquilidad. Todo parece indicar que el piloto franc\u00e9s Pierre Gasly saldr\u00e1 de AlphaTauri (filial de Red Bull) para la pr\u00f3xima temporada, con lo que &#8220;Checo&#8221; ya no tendr\u00eda en la escuder\u00eda austriaca [&hellip;]<\/p>\n","protected":false},"author":81,"featured_media":219355,"comment_status":"closed","ping_status":"closed","sticky":false,"template":"","format":"standard","meta":{"footnotes":""},"categories":[39],"tags":[],"class_list":["post-225241","post","type-post","status-publish","format-standard","has-post-thumbnail","hentry","category-deportiva"],"_links":{"self":[{"href":"https:\/\/plazajuarez.mx\/historico\/wp-json\/wp\/v2\/posts\/225241","targetHints":{"allow":["GET"]}}],"collection":[{"href":"https:\/\/plazajuarez.mx\/historico\/wp-json\/wp\/v2\/posts"}],"about":[{"href":"https:\/\/plazajuarez.mx\/historico\/wp-json\/wp\/v2\/types\/post"}],"author":[{"embeddable":true,"href":"https:\/\/plazajuarez.mx\/historico\/wp-json\/wp\/v2\/users\/81"}],"replies":[{"embeddable":true,"href":"https:\/\/plazajuarez.mx\/historico\/wp-json\/wp\/v2\/comments?post=225241"}],"version-history":[{"count":0,"href":"https:\/\/plazajuarez.mx\/historico\/wp-json\/wp\/v2\/posts\/225241\/revisions"}],"wp:featuredmedia":[{"embeddable":true,"href":"https:\/\/plazajuarez.mx\/historico\/wp-json\/wp\/v2\/media\/219355"}],"wp:attachment":[{"href":"https:\/\/plazajuarez.mx\/historico\/wp-json\/wp\/v2\/media?parent=225241"}],"wp:term":[{"taxonomy":"category","embeddable":true,"href":"https:\/\/plazajuarez.mx\/historico\/wp-json\/wp\/v2\/categories?post=225241"},{"taxonomy":"post_tag","embeddable":true,"href":"https:\/\/plazajuarez.mx\/historico\/wp-json\/wp\/v2\/tags?post=225241"}],"curies":[{"name":"wp","href":"https:\/\/api.w.org\/{rel}","templated":true}]}}