{"id":225206,"date":"2022-08-07T07:55:00","date_gmt":"2022-08-07T12:55:00","guid":{"rendered":"https:\/\/plazajuarez.mx\/?p=225206"},"modified":"2022-08-07T08:36:55","modified_gmt":"2022-08-07T13:36:55","slug":"cabina-municipal-esta-a-disposicion-de-los-habitantes","status":"publish","type":"post","link":"https:\/\/plazajuarez.mx\/historico\/cabina-municipal-esta-a-disposicion-de-los-habitantes\/","title":{"rendered":"Cabina municipal est\u00e1 a disposici\u00f3n de los habitantes"},"content":{"rendered":"\n<p>El Ayuntamiento de Mineral de la Reforma, inform\u00f3 que cuentan con una cabina municipal de grabaci\u00f3n, que tiene equipo profesional, para que los mineralenses generen su contenido digital.<\/p>\n\n\n\n<p>A trav\u00e9s de redes sociales, detall\u00f3 que la cabina forma parte de la estrategia de impulsar las habilidades as\u00ed como el talento de las nuevas generaciones: youtubers, tiktokers o gamers.&nbsp;<\/p>\n\n\n\n<p>Los y las interesadas deber\u00e1n inscribirse enviando su nombre completo, edad, tel\u00e9fono y correo electr\u00f3nico, enlace electr\u00f3nico del video publicado en Youtube, Tik Tok o Facebook, localidad de residencia y una autorizaci\u00f3n por parte de los padres, en caso de ser menor de edad.&nbsp;<\/p>\n\n\n\n<p>Solo podr\u00e1n participar las personas de 17 a 21 a\u00f1os, ya sea de manera individual o grupal, y enviar sus documentos al correo <a href=\"mailto:talento_mr@mineraldelreforma.gob.mx\">talento_mr@mineraldelreforma.gob.mx<\/a>. As\u00ed mismo, deber\u00e1n adjuntar un video con una duraci\u00f3n m\u00e1xima de 60 segundos.<\/p>\n\n\n\n<p>La cabina se ubica en la Casa de la Ciencia, ubicada en el Centro Mineralense de las Artes, donde adem\u00e1s, estudiantes de comunicaci\u00f3n, dise\u00f1o audiovisual, animaci\u00f3n y efectos especiales, ingenier\u00eda en audio o carreras afines,\u00a0 pueden efectuar pr\u00e1cticas profesionales o servicio; y podr\u00e1n pedir m\u00e1s informes al n\u00famero 771 145 8132.\u00a0<\/p>\n","protected":false},"excerpt":{"rendered":"<p>El Ayuntamiento de Mineral de la Reforma, inform\u00f3 que cuentan con una cabina municipal de grabaci\u00f3n, que tiene equipo profesional, para que los mineralenses generen su contenido digital. A trav\u00e9s de redes sociales, detall\u00f3 que la cabina forma parte de la estrategia de impulsar las habilidades as\u00ed como el talento de las nuevas generaciones: youtubers, [&hellip;]<\/p>\n","protected":false},"author":93,"featured_media":225213,"comment_status":"closed","ping_status":"closed","sticky":false,"template":"","format":"standard","meta":{"footnotes":""},"categories":[59,2159],"tags":[],"class_list":["post-225206","post","type-post","status-publish","format-standard","has-post-thumbnail","hentry","category-general","category-noticias-de-hidalgo"],"_links":{"self":[{"href":"https:\/\/plazajuarez.mx\/historico\/wp-json\/wp\/v2\/posts\/225206","targetHints":{"allow":["GET"]}}],"collection":[{"href":"https:\/\/plazajuarez.mx\/historico\/wp-json\/wp\/v2\/posts"}],"about":[{"href":"https:\/\/plazajuarez.mx\/historico\/wp-json\/wp\/v2\/types\/post"}],"author":[{"embeddable":true,"href":"https:\/\/plazajuarez.mx\/historico\/wp-json\/wp\/v2\/users\/93"}],"replies":[{"embeddable":true,"href":"https:\/\/plazajuarez.mx\/historico\/wp-json\/wp\/v2\/comments?post=225206"}],"version-history":[{"count":0,"href":"https:\/\/plazajuarez.mx\/historico\/wp-json\/wp\/v2\/posts\/225206\/revisions"}],"wp:featuredmedia":[{"embeddable":true,"href":"https:\/\/plazajuarez.mx\/historico\/wp-json\/wp\/v2\/media\/225213"}],"wp:attachment":[{"href":"https:\/\/plazajuarez.mx\/historico\/wp-json\/wp\/v2\/media?parent=225206"}],"wp:term":[{"taxonomy":"category","embeddable":true,"href":"https:\/\/plazajuarez.mx\/historico\/wp-json\/wp\/v2\/categories?post=225206"},{"taxonomy":"post_tag","embeddable":true,"href":"https:\/\/plazajuarez.mx\/historico\/wp-json\/wp\/v2\/tags?post=225206"}],"curies":[{"name":"wp","href":"https:\/\/api.w.org\/{rel}","templated":true}]}}