{"id":225201,"date":"2022-08-07T07:57:00","date_gmt":"2022-08-07T12:57:00","guid":{"rendered":"https:\/\/plazajuarez.mx\/?p=225201"},"modified":"2022-08-07T08:13:56","modified_gmt":"2022-08-07T13:13:56","slug":"concluye-distribucion-de-la-beca-miguel-hidalgo","status":"publish","type":"post","link":"https:\/\/plazajuarez.mx\/historico\/concluye-distribucion-de-la-beca-miguel-hidalgo\/","title":{"rendered":"Concluye distribuci\u00f3n de la Beca Miguel Hidalgo\u00a0"},"content":{"rendered":"\n<p>Beneficiarios de la Beca Miguel Hidalgo, recibieron el \u00faltimo recurso de la convocatoria que cubri\u00f3 el periodo de enero a junio de este a\u00f1o, con lo que se completaron los 6 mil pesos que recibi\u00f3 cada alumno con ayuda ordinaria y los 15 mil pesos por alumno en apoyos de excelencia.&nbsp;<\/p>\n\n\n\n<p>El pasado 12 de mayo fue emitido el listado de seleccionados de la Beca Miguel Hidalgo y Costilla otorgada a estudiantes de nivel superior, misma que fue implementada durante el gobierno de Omar Fayad Meneses para cubrir a aquellas escuelas que no fueron subvencionadas por la Beca Benito Ju\u00e1rez, que implement\u00f3 el gobierno federal.&nbsp;<\/p>\n\n\n\n<p>Posteriormente, el 17 de junio comenz\u00f3 la dispersi\u00f3n de recursos a los becados correspondientes a los primeros cuatro meses; es decir, 4 mil pesos y 10 mil pesos a los de excelencia; as\u00ed mismo el pasado 29 de julio se realiz\u00f3 el segundo dep\u00f3sito correspondiente a los meses de mayo y junio, con lo que se da por cubierta la convocatoria de dicho apoyo del primer semestre del a\u00f1o 2022.<\/p>\n\n\n\n<p>Derivado de los resultados de la elecci\u00f3n a gobernador, y del cambio de gobierno que se har\u00e1 el pr\u00f3ximo cinco de septiembre, los beneficiados han mostrado su preocupaci\u00f3n e incertidumbre por lo que vaya a suceder con este programa, que para muchos estudiantes representa un gran apoyo.&nbsp;<\/p>\n\n\n\n<p>Tambi\u00e9n, cabe mencionar que en grupos de Whatsapp internos, los becarios se preguntan si la subvenci\u00f3n concluir\u00e1 con la salida de Omar Fayad, y si el gobernador electo Julio Menchaca Salazar dar\u00e1 continuidad al proyecto; si se emitir\u00e1 la convocatoria correspondiente al segundo semestre del a\u00f1o 2022; a lo que los maestros o administrativos encargados del tema han respondido que, hasta el momento, no hay pronunciamiento oficial sobre el tema de becas.<\/p>\n","protected":false},"excerpt":{"rendered":"<p>Beneficiarios de la Beca Miguel Hidalgo, recibieron el \u00faltimo recurso de la convocatoria que cubri\u00f3 el periodo de enero a junio de este a\u00f1o, con lo que se completaron los 6 mil pesos que recibi\u00f3 cada alumno con ayuda ordinaria y los 15 mil pesos por alumno en apoyos de excelencia.&nbsp; El pasado 12 de [&hellip;]<\/p>\n","protected":false},"author":72,"featured_media":225209,"comment_status":"closed","ping_status":"closed","sticky":false,"template":"","format":"standard","meta":{"footnotes":""},"categories":[15,59],"tags":[],"class_list":["post-225201","post","type-post","status-publish","format-standard","has-post-thumbnail","hentry","category-destacadas","category-general"],"_links":{"self":[{"href":"https:\/\/plazajuarez.mx\/historico\/wp-json\/wp\/v2\/posts\/225201","targetHints":{"allow":["GET"]}}],"collection":[{"href":"https:\/\/plazajuarez.mx\/historico\/wp-json\/wp\/v2\/posts"}],"about":[{"href":"https:\/\/plazajuarez.mx\/historico\/wp-json\/wp\/v2\/types\/post"}],"author":[{"embeddable":true,"href":"https:\/\/plazajuarez.mx\/historico\/wp-json\/wp\/v2\/users\/72"}],"replies":[{"embeddable":true,"href":"https:\/\/plazajuarez.mx\/historico\/wp-json\/wp\/v2\/comments?post=225201"}],"version-history":[{"count":0,"href":"https:\/\/plazajuarez.mx\/historico\/wp-json\/wp\/v2\/posts\/225201\/revisions"}],"wp:featuredmedia":[{"embeddable":true,"href":"https:\/\/plazajuarez.mx\/historico\/wp-json\/wp\/v2\/media\/225209"}],"wp:attachment":[{"href":"https:\/\/plazajuarez.mx\/historico\/wp-json\/wp\/v2\/media?parent=225201"}],"wp:term":[{"taxonomy":"category","embeddable":true,"href":"https:\/\/plazajuarez.mx\/historico\/wp-json\/wp\/v2\/categories?post=225201"},{"taxonomy":"post_tag","embeddable":true,"href":"https:\/\/plazajuarez.mx\/historico\/wp-json\/wp\/v2\/tags?post=225201"}],"curies":[{"name":"wp","href":"https:\/\/api.w.org\/{rel}","templated":true}]}}