{"id":225192,"date":"2022-08-06T12:35:22","date_gmt":"2022-08-06T17:35:22","guid":{"rendered":"https:\/\/plazajuarez.mx\/?p=225192"},"modified":"2022-08-06T12:35:36","modified_gmt":"2022-08-06T17:35:36","slug":"fenapo_2022","status":"publish","type":"post","link":"https:\/\/plazajuarez.mx\/historico\/fenapo_2022\/","title":{"rendered":"M\u00e1s de 80 mil personas disfrutaron de Man\u00e1 en la Fenapo 2022"},"content":{"rendered":"\n<p> Teatro del Pueblo en la Feria Nacional Potosina (Fenapo) 2022 este viernes 5 de agosto, en donde corearon canciones como &#8220;Mariposa traicionera&#8221;, &#8220;Labios compartidos&#8221;, &#8220;Oye mi amor&#8221;, entre otras, del grupo mexicano originario de Guadalajara, Jalisco.<\/p>\n\n\n\n<p>Entre fuegos artificiales y drones que formaron en el cielo palabras como &#8220;Potos\u00ed&#8221; y &#8220;Fenapo&#8221; robaron las miradas de las miles de personas que se encontraban esperando la inauguraci\u00f3n de las nuevas instalaciones del Teatro del Pueblo.<\/p>\n\n\n\n<p>Pese a que la presentaci\u00f3n estaba programada a las nueve de la noche, el concierto inici\u00f3 hasta las 22:30 horas; no obstante, el \u00e1nimo en vez de decaer se aviv\u00f3 cuando el vocalista del grupo Fher Olvera, sali\u00f3 a cantar.<\/p>\n\n\n\n<p>Aunque las autoridades de la Fenapo cerraron el acceso al Teatro del Pueblo por el cupo, a las a fueras del recinto, sobre los barrotes divisorios, la gente comenz\u00f3 a amontonarse para alcanzar a ver a los artistas; sin embargo, se realiz\u00f3 un cuello de botella en donde el paso entre los juegos y la entrada a la feria se dificult\u00f3 por al menos 30 minutos.<\/p>\n\n\n\n<p>A partir de esta apertura, se presentar\u00e1n en el Teatro del Pueblo artistas de talla nacional e internacional, para el 6 de agosto deleitar\u00e1n al p\u00fablico el grupo Zenda Norte\u00f1a.<\/p>\n\n\n\n<p>La Secretar\u00eda de Seguridad y Protecci\u00f3n Ciudadana del Estado (SSPC) inform\u00f3 que la jornada del primer d\u00eda de la Feria Nacional Potosina cont\u00f3 con la asistencia 158 mil personas y cero incidencias gracias al comportamiento de los visitantes.<\/p>\n\n\n\n<p>El aforo en el Teatro del Pueblo fue de 80 mil personas, mientras que en el Palenque la asistencia fue de 3 mil personas. Todos los espect\u00e1culos y atracciones se desarrollaron en un marco de tranquilidad y sana convivencia.<\/p>\n\n\n\n<p>La SSPC indic\u00f3 a la poblaci\u00f3n en general que acuda al segundo d\u00eda de actividades de la feria que se contin\u00fae con este comportamiento, para mayor seguridad de todos. Adem\u00e1s, se record\u00f3 que las medidas de seguridad estar\u00e1n presentes durante las tres semanas de Fenapo.<\/p>\n","protected":false},"excerpt":{"rendered":"<p>Teatro del Pueblo en la Feria Nacional Potosina (Fenapo) 2022 este viernes 5 de agosto, en donde corearon canciones como &#8220;Mariposa traicionera&#8221;, &#8220;Labios compartidos&#8221;, &#8220;Oye mi amor&#8221;, entre otras, del grupo mexicano originario de Guadalajara, Jalisco. Entre fuegos artificiales y drones que formaron en el cielo palabras como &#8220;Potos\u00ed&#8221; y &#8220;Fenapo&#8221; robaron las miradas de [&hellip;]<\/p>\n","protected":false},"author":81,"featured_media":225193,"comment_status":"closed","ping_status":"closed","sticky":false,"template":"","format":"standard","meta":{"footnotes":""},"categories":[2163],"tags":[],"class_list":["post-225192","post","type-post","status-publish","format-standard","has-post-thumbnail","hentry","category-noticias-de-slp"],"_links":{"self":[{"href":"https:\/\/plazajuarez.mx\/historico\/wp-json\/wp\/v2\/posts\/225192","targetHints":{"allow":["GET"]}}],"collection":[{"href":"https:\/\/plazajuarez.mx\/historico\/wp-json\/wp\/v2\/posts"}],"about":[{"href":"https:\/\/plazajuarez.mx\/historico\/wp-json\/wp\/v2\/types\/post"}],"author":[{"embeddable":true,"href":"https:\/\/plazajuarez.mx\/historico\/wp-json\/wp\/v2\/users\/81"}],"replies":[{"embeddable":true,"href":"https:\/\/plazajuarez.mx\/historico\/wp-json\/wp\/v2\/comments?post=225192"}],"version-history":[{"count":0,"href":"https:\/\/plazajuarez.mx\/historico\/wp-json\/wp\/v2\/posts\/225192\/revisions"}],"wp:featuredmedia":[{"embeddable":true,"href":"https:\/\/plazajuarez.mx\/historico\/wp-json\/wp\/v2\/media\/225193"}],"wp:attachment":[{"href":"https:\/\/plazajuarez.mx\/historico\/wp-json\/wp\/v2\/media?parent=225192"}],"wp:term":[{"taxonomy":"category","embeddable":true,"href":"https:\/\/plazajuarez.mx\/historico\/wp-json\/wp\/v2\/categories?post=225192"},{"taxonomy":"post_tag","embeddable":true,"href":"https:\/\/plazajuarez.mx\/historico\/wp-json\/wp\/v2\/tags?post=225192"}],"curies":[{"name":"wp","href":"https:\/\/api.w.org\/{rel}","templated":true}]}}