{"id":225187,"date":"2022-08-06T12:12:26","date_gmt":"2022-08-06T17:12:26","guid":{"rendered":"https:\/\/plazajuarez.mx\/?p=225187"},"modified":"2022-08-06T12:15:58","modified_gmt":"2022-08-06T17:15:58","slug":"asia_amlo","status":"publish","type":"post","link":"https:\/\/plazajuarez.mx\/historico\/asia_amlo\/","title":{"rendered":"Crisis en As\u00eda podr\u00eda disparar precio de la tortilla, advierte AMLO"},"content":{"rendered":"\n<p> El presidente Andr\u00e9s Manuel L\u00f3pez Obrador llam\u00f3 a los jefes de Estado involucrados en la reciente tensi\u00f3n entre China y Estados Unidos a que act\u00faen de forma responsable pensando en sus pueblos, pues advirti\u00f3 que &#8220;si hay un problema con esta inflaci\u00f3n mundial aqu\u00ed aumenta el precio de las tortillas&#8221;. Al encabezar la inauguraci\u00f3n de una sucursal del Banco del Bienestar en este municipio, el Mandatario federal exhort\u00f3 a no solo pensar en las \u00e9lites econ\u00f3micas, pol\u00edticas y b\u00e9licas, sino tambi\u00e9n en las poblaciones.<\/p>\n\n\n\n<p>&#8220;Ahora hay tambi\u00e9n pues una intranquilidad en Asia y estamos lo mismo pidiendo a los jefes de Estado, las potencias, a que act\u00faen de manera responsable, que no piensen nada m\u00e1s en las \u00e9lites econ\u00f3micas, pol\u00edticas, b\u00e9licas, que piensen en los pueblos porque si hay un problema con esta inflaci\u00f3n mundial aqu\u00ed aumenta el precio de las tortillas y en otro pa\u00eds aumenta el precio del pan, \u00bfy qu\u00e9 culpa tiene la gente de los pleitos arriba, de los intereses de estos pa\u00edses?&#8221;.<\/p>\n\n\n\n<p>El jefe del Ejecutivo federal reiter\u00f3 su propuesta de impulsar una tregua de al menos cinco a\u00f1os que permita la recuperaci\u00f3n econ\u00f3mica, adem\u00e1s de que se evitan los conflictos b\u00e9licos. Detall\u00f3, como lo hizo en la ma\u00f1anera, que esta tregua podr\u00eda ser impulsada por el Papa Francisco, el primer ministro de la India, Narendra Modi, y el secretario general de la ONU, Ant\u00f3nio Guterres.<\/p>\n","protected":false},"excerpt":{"rendered":"<p>El presidente Andr\u00e9s Manuel L\u00f3pez Obrador llam\u00f3 a los jefes de Estado involucrados en la reciente tensi\u00f3n entre China y Estados Unidos a que act\u00faen de forma responsable pensando en sus pueblos, pues advirti\u00f3 que &#8220;si hay un problema con esta inflaci\u00f3n mundial aqu\u00ed aumenta el precio de las tortillas&#8221;. Al encabezar la inauguraci\u00f3n de [&hellip;]<\/p>\n","protected":false},"author":81,"featured_media":209749,"comment_status":"closed","ping_status":"closed","sticky":false,"template":"","format":"standard","meta":{"footnotes":""},"categories":[36],"tags":[],"class_list":["post-225187","post","type-post","status-publish","format-standard","has-post-thumbnail","hentry","category-nacion"],"_links":{"self":[{"href":"https:\/\/plazajuarez.mx\/historico\/wp-json\/wp\/v2\/posts\/225187","targetHints":{"allow":["GET"]}}],"collection":[{"href":"https:\/\/plazajuarez.mx\/historico\/wp-json\/wp\/v2\/posts"}],"about":[{"href":"https:\/\/plazajuarez.mx\/historico\/wp-json\/wp\/v2\/types\/post"}],"author":[{"embeddable":true,"href":"https:\/\/plazajuarez.mx\/historico\/wp-json\/wp\/v2\/users\/81"}],"replies":[{"embeddable":true,"href":"https:\/\/plazajuarez.mx\/historico\/wp-json\/wp\/v2\/comments?post=225187"}],"version-history":[{"count":0,"href":"https:\/\/plazajuarez.mx\/historico\/wp-json\/wp\/v2\/posts\/225187\/revisions"}],"wp:featuredmedia":[{"embeddable":true,"href":"https:\/\/plazajuarez.mx\/historico\/wp-json\/wp\/v2\/media\/209749"}],"wp:attachment":[{"href":"https:\/\/plazajuarez.mx\/historico\/wp-json\/wp\/v2\/media?parent=225187"}],"wp:term":[{"taxonomy":"category","embeddable":true,"href":"https:\/\/plazajuarez.mx\/historico\/wp-json\/wp\/v2\/categories?post=225187"},{"taxonomy":"post_tag","embeddable":true,"href":"https:\/\/plazajuarez.mx\/historico\/wp-json\/wp\/v2\/tags?post=225187"}],"curies":[{"name":"wp","href":"https:\/\/api.w.org\/{rel}","templated":true}]}}