{"id":225108,"date":"2022-07-28T08:49:00","date_gmt":"2022-07-28T13:49:00","guid":{"rendered":"https:\/\/plazajuarez.mx\/?p=225108"},"modified":"2022-08-05T17:55:50","modified_gmt":"2022-08-05T22:55:50","slug":"danhia-berenice-montes-ganadora-del-premio-efren-rebolledo","status":"publish","type":"post","link":"https:\/\/plazajuarez.mx\/historico\/danhia-berenice-montes-ganadora-del-premio-efren-rebolledo\/","title":{"rendered":"Danhia Berenice Montes, ganadora\u00a0del Premio \u201cEfr\u00e9n Rebolledo\u201d"},"content":{"rendered":"\n<p>La semana pasada, en el marco de la Feria del Libro Infantil y Juvenil Hidalgo 2022, se entreg\u00f3 el Premio Estatal de Poes\u00eda \u201cEfr\u00e9n Rebolledo\u201d a Danhia Berenice Montes Escorza, por su obra \u201cSobre mi espalda llevo claveles blancos\u201d.\u00a0<\/p>\n\n\n\n<p><strong>ANTECEDENTES&nbsp;<\/strong><\/p>\n\n\n\n<p>La autora de 26 a\u00f1os, docente de La Salle y originaria del estado de Hidalgo, se dedica a la mediaci\u00f3n de lectura y a fomentar la escritura, respaldada por una Licenciatura en Lengua y Literatura Hisp\u00e1nica<\/p>\n\n\n\n<p>Su inter\u00e9s por las letras surgi\u00f3 en la preparatoria, cuando estudiaba piano, pero se dio cuenta que no era buena para la m\u00fasica; lo que s\u00ed le encantaba era leer y se le facilitaban las lenguas, algo que determinar\u00eda lo que estudiar\u00eda en un futuro.&nbsp;<\/p>\n\n\n\n<p>Los libros siempre la rodearon desde muy peque\u00f1a, pues estuvo acompa\u00f1ada de la figura de su mam\u00e1, quien la llevaba a Ferias del Libro, a lecturas dramatizadas y dem\u00e1s eventos relacionados con las letras.&nbsp;<\/p>\n\n\n\n<p>Tres han sido los libros que la han impactado en su vida: \u201cCien a\u00f1os de Soledad\u201d de Gabriel Garc\u00eda M\u00e1rquez: \u201cno es mi libro favorito, pero en ese momento me descubri\u00f3 todo de lo que el lenguaje era capaz\u201d.<\/p>\n\n\n\n<p>\u201cFuegos\u201d de Marguerite Yourcenar: \u201cno entend\u00eda por completo lo que se narraba porque es literatura no tan sencilla, yo dec\u00eda hay algo bello aqu\u00ed\u201d, y \u201cBajo la misma estrella\u201d de John Green: \u201clo que me dio esta novela juvenil fue el entretenimiento, el goce, no solo est\u00e9tico, sino de poderse identificar con lo que le\u00eda\u201d.&nbsp;<\/p>\n\n\n\n<p><strong>RUMBO AL EFR\u00c9N REBOLLEDO<\/strong><\/p>\n\n\n\n<p>Hace cuatro a\u00f1os fue cuando hizo suyo el ejercicio de escribir y de sentir al leer en un foro de Pachuca Cartonera: \u201cescribo, entonces soy escritora; para m\u00ed eso basta para tener el nombre de escritora; escribo y me voy a reconocer como tal\u201d.&nbsp;<\/p>\n\n\n\n<p>Cuando la Secretar\u00eda de Cultura emiti\u00f3 la convocatoria, ella prepar\u00f3 el manuscrito: \u201cya estaba trabajado nada m\u00e1s era como cuesti\u00f3n de afinar el formato y enviarlo\u201d.&nbsp;<\/p>\n\n\n\n<p>Su texto fue trabajado en el taller independiente que dio el escritor Diego Jos\u00e9, dos a\u00f1os los ocup\u00f3 en su creaci\u00f3n y uno en la correcci\u00f3n: \u201cno correg\u00eda a diario, por supuesto, porque tambi\u00e9n los textos merecen ser guardados en un caj\u00f3n y alg\u00fan tiempo separarnos de ellos\u201d<\/p>\n\n\n\n<p><strong>\u201cSOBRE MI ESPALDA LLEVO CLAVELES BLANCOS\u201d&nbsp;<\/strong><\/p>\n\n\n\n<p>El poemario con el que gan\u00f3 tiene alrededor de 25 poemas y el hilo conductor es la ausencia materna: \u201cs\u00ed tiene que ver con la parte del duelo, pero m\u00e1s que nada es como la ausencia por muerte de la madre, trastoca la cotidianidad\u201d.&nbsp;<\/p>\n\n\n\n<p>El texto va en orden cronol\u00f3gico, empieza en la infancia, transita la adolescencia y termina en la edad madura: \u201ces un tema que a m\u00ed me interesa mucho tratar en lo cotidiano: en las comidas familiares, en ir a la escuela y en el trabajo\u201d.&nbsp;<\/p>\n\n\n\n<p>El tema que aborda es de inter\u00e9s particular, pues se basa en su experiencia personal: su mam\u00e1 falleci\u00f3 cuando ella estaba por cumplir cinco a\u00f1os.<\/p>\n\n\n\n<p>Nunca tuvo como prop\u00f3sito escribir sobre la ausencia de su madre, pero durante su proceso de creaci\u00f3n se descubri\u00f3 escribiendo un poema sobre la ausencia de \u00e9sta, al que nombr\u00f3 \u201cEl circo m\u00e1s hermoso del mundo\u201d.<\/p>\n\n\n\n<p>\u201cSobre mi espalda llevo claveles blancos\u201d recibe su nombre debido a que recupera la figura del clavel blanco, que se menciona en tres poemas del libro: \u201crecupero los claveles blancos justamente como s\u00edmbolo de alguien que ya no est\u00e1; en los funerales son muy recurrentes los claveles blancos y en la iglesia a la que asisto, el 10 de mayo, en la entrada te ponen un clavel rojo, si tu madre vive y si no vive, te ponen un clavel blanco\u201d<\/p>\n\n\n\n<p>Un acto para ella muy simb\u00f3lico: \u201clo ocupo como met\u00e1fora para pensar en c\u00f3mo, las ausencias, no solamente la ausencia de la madre, sino c\u00f3mo las ausencias a lo largo de nuestra vida las cargamos, podemos haberlo superado, pero el hecho de que alguien haya estado y ya no, siempre deja algo sobre nuestra espalda\u201d.&nbsp;<\/p>\n\n\n\n<p><strong>FUTURO<\/strong><\/p>\n\n\n\n<p>\u201cEl acto de creaci\u00f3n est\u00e1 siempre presente\u201d se\u00f1al\u00f3, en entrevista para <em>Diario Plaza Ju\u00e1rez, <\/em>y es que para ella el tema no es publicar; algo que considera un gran honor; sino crear y compartir, leer a sus colegas y que la puedan corregir.&nbsp;<\/p>\n\n\n\n<p>Anim\u00f3 a confiar en el trabajo que se hace: \u201csiempre es bueno confiar en el valor, porque no creo que un premio le d\u00e9 valor a una obra, creo que lo reconoce y hay obras que no ganan premios, pero que son valios\u00edsimas\u201d<\/p>\n\n\n\n<p>Despu\u00e9s de su poemario se dedic\u00f3 a escribir narrativa, pero ahora est\u00e1 trabajando en el ensayo, lo que considera un reto y planea continuar en la poes\u00eda: \u201ces lo bonito de los reconocimientos, que ayudan a decir, no todo est\u00e1 perdido hay como toda una v\u00eda que se puede seguir, entonces me gustar\u00eda seguir intentando con la poes\u00eda\u201d.<\/p>\n","protected":false},"excerpt":{"rendered":"<p>La semana pasada, en el marco de la Feria del Libro Infantil y Juvenil Hidalgo 2022, se entreg\u00f3 el Premio Estatal de Poes\u00eda \u201cEfr\u00e9n Rebolledo\u201d a Danhia Berenice Montes Escorza, por su obra \u201cSobre mi espalda llevo claveles blancos\u201d.\u00a0 ANTECEDENTES&nbsp; La autora de 26 a\u00f1os, docente de La Salle y originaria del estado de Hidalgo, [&hellip;]<\/p>\n","protected":false},"author":101,"featured_media":225109,"comment_status":"closed","ping_status":"closed","sticky":false,"template":"","format":"standard","meta":{"footnotes":""},"categories":[41,15,59],"tags":[],"class_list":["post-225108","post","type-post","status-publish","format-standard","has-post-thumbnail","hentry","category-arteria-cultural","category-destacadas","category-general"],"_links":{"self":[{"href":"https:\/\/plazajuarez.mx\/historico\/wp-json\/wp\/v2\/posts\/225108","targetHints":{"allow":["GET"]}}],"collection":[{"href":"https:\/\/plazajuarez.mx\/historico\/wp-json\/wp\/v2\/posts"}],"about":[{"href":"https:\/\/plazajuarez.mx\/historico\/wp-json\/wp\/v2\/types\/post"}],"author":[{"embeddable":true,"href":"https:\/\/plazajuarez.mx\/historico\/wp-json\/wp\/v2\/users\/101"}],"replies":[{"embeddable":true,"href":"https:\/\/plazajuarez.mx\/historico\/wp-json\/wp\/v2\/comments?post=225108"}],"version-history":[{"count":0,"href":"https:\/\/plazajuarez.mx\/historico\/wp-json\/wp\/v2\/posts\/225108\/revisions"}],"wp:featuredmedia":[{"embeddable":true,"href":"https:\/\/plazajuarez.mx\/historico\/wp-json\/wp\/v2\/media\/225109"}],"wp:attachment":[{"href":"https:\/\/plazajuarez.mx\/historico\/wp-json\/wp\/v2\/media?parent=225108"}],"wp:term":[{"taxonomy":"category","embeddable":true,"href":"https:\/\/plazajuarez.mx\/historico\/wp-json\/wp\/v2\/categories?post=225108"},{"taxonomy":"post_tag","embeddable":true,"href":"https:\/\/plazajuarez.mx\/historico\/wp-json\/wp\/v2\/tags?post=225108"}],"curies":[{"name":"wp","href":"https:\/\/api.w.org\/{rel}","templated":true}]}}