{"id":22482,"date":"2016-06-05T19:48:18","date_gmt":"2016-06-05T19:48:18","guid":{"rendered":"http:\/\/plazajuarez.mx\/index\/index.php\/2016\/06\/05\/estefan-garfias-exige-que-el-voto-sea-respetado\/"},"modified":"2016-06-05T19:48:18","modified_gmt":"2016-06-05T19:48:18","slug":"estefan-garfias-exige-que-el-voto-sea-respetado","status":"publish","type":"post","link":"https:\/\/plazajuarez.mx\/historico\/estefan-garfias-exige-que-el-voto-sea-respetado\/","title":{"rendered":"Estefan Garfias exige que el voto sea respetado"},"content":{"rendered":"<p dir=\"ltr\" style=\"line-height: 1.295; margin-top: 0pt; margin-bottom: 8pt; text-align: justify;\"><span style=\"font-size: 18.666666666666664px; font-family: 'Times New Roman'; color: #000000; background-color: transparent; font-weight: 400; font-style: normal; font-variant: normal; text-decoration: none; vertical-align: baseline; white-space: pre-wrap;\">TEHUANTEPEC, Oax.- Al votar en su natal Tehuantepec, el candidato a gobernador del estado por la alianza PRD-PAN, Jos\u00e9 Antonio Estefan Garfias, exigi\u00f3 a las autoridades que el voto de los ciudadanos sea respetado y que la jornada electoral se lleve a cabo de manera pac\u00edfica.<\/span><\/p>\n<p>  <!--more-->  <\/p>\n<p dir=\"ltr\" style=\"line-height: 1.295; margin-top: 0pt; margin-bottom: 8pt; text-align: justify;\">\u00a0<\/p>\n<p style=\"text-align: justify;\"><span id=\"docs-internal-guid-26cd1be4-221f-56b9-66b9-9dc70d189052\"><span style=\"font-size: 18.6667px; font-family: 'Times New Roman'; color: #000000; vertical-align: baseline; white-space: pre-wrap; background-color: transparent;\">\u201cQue la decisi\u00f3n de los oaxaque\u00f1os sea respetada, sea una decisi\u00f3n que nos permita avanzar para combatir los grandes lastres que tenemos en Oaxaca y que desde luego se lleve a cabo esta jornada, pac\u00edfica y con toda garant\u00eda y seguridad para quienes han decidido, que son la mayor\u00eda ejercer el voto a favor de un Oaxaca pr\u00f3spero\u201d, declar\u00f3. <\/span><\/span><\/p>\n","protected":false},"excerpt":{"rendered":"<p>TEHUANTEPEC, Oax.- Al votar en su natal Tehuantepec, el candidato a gobernador del estado por la alianza PRD-PAN, Jos\u00e9 Antonio Estefan Garfias, exigi\u00f3 a las autoridades que el voto de los ciudadanos sea respetado y que la jornada electoral se lleve a cabo de manera pac\u00edfica.<\/p>\n","protected":false},"author":1,"featured_media":0,"comment_status":"open","ping_status":"open","sticky":false,"template":"","format":"standard","meta":{"footnotes":""},"categories":[36],"tags":[],"class_list":["post-22482","post","type-post","status-publish","format-standard","hentry","category-nacion"],"_links":{"self":[{"href":"https:\/\/plazajuarez.mx\/historico\/wp-json\/wp\/v2\/posts\/22482","targetHints":{"allow":["GET"]}}],"collection":[{"href":"https:\/\/plazajuarez.mx\/historico\/wp-json\/wp\/v2\/posts"}],"about":[{"href":"https:\/\/plazajuarez.mx\/historico\/wp-json\/wp\/v2\/types\/post"}],"author":[{"embeddable":true,"href":"https:\/\/plazajuarez.mx\/historico\/wp-json\/wp\/v2\/users\/1"}],"replies":[{"embeddable":true,"href":"https:\/\/plazajuarez.mx\/historico\/wp-json\/wp\/v2\/comments?post=22482"}],"version-history":[{"count":0,"href":"https:\/\/plazajuarez.mx\/historico\/wp-json\/wp\/v2\/posts\/22482\/revisions"}],"wp:attachment":[{"href":"https:\/\/plazajuarez.mx\/historico\/wp-json\/wp\/v2\/media?parent=22482"}],"wp:term":[{"taxonomy":"category","embeddable":true,"href":"https:\/\/plazajuarez.mx\/historico\/wp-json\/wp\/v2\/categories?post=22482"},{"taxonomy":"post_tag","embeddable":true,"href":"https:\/\/plazajuarez.mx\/historico\/wp-json\/wp\/v2\/tags?post=22482"}],"curies":[{"name":"wp","href":"https:\/\/api.w.org\/{rel}","templated":true}]}}