{"id":224813,"date":"2022-08-03T08:18:00","date_gmt":"2022-08-03T13:18:00","guid":{"rendered":"https:\/\/plazajuarez.mx\/?p=224813"},"modified":"2022-08-03T08:18:06","modified_gmt":"2022-08-03T13:18:06","slug":"los-carroneros","status":"publish","type":"post","link":"https:\/\/plazajuarez.mx\/historico\/los-carroneros\/","title":{"rendered":"Los carro\u00f1eros\u00a0"},"content":{"rendered":"\n<p><\/p>\n\n\n\n<p>Todav\u00eda no se va el gobernador Omar Fayad Meneses y algunos de los que en su momento se declararon sus \u201cincondicionales\u201d han comenzado a buscar un espacio en el nuevo gobierno que encabezar\u00e1 el gobernador electo, Julio Menchaca Salazar, y no les importa andar echando tierra en los espacios que tuvieron como campos laborales y tampoco \u201crajar\u201d de lo que ha hecho o dejado de hacer Fayad Meneses.&nbsp;<\/p>\n\n\n\n<p>En unos d\u00edas estaremos exactamente a un mes de que concluya el sexenio de Fayad Meneses, y es incre\u00edble observar la cantidad de priistas que al ver que su barco se hund\u00eda han comenzado a buscar espacios en el gobierno de Menchaca, mismo que llega con el partido del presidente de la rep\u00fablica, Morena, y concluye con esto m\u00e1s de nueve d\u00e9cadas de gobierno tricolor.<\/p>\n\n\n\n<p>As\u00ed son los carro\u00f1eros, se alimentan del cad\u00e1ver que es el PRI mientras esperan que llegue algo mejor, en este caso Morena. Decir \u201cmejor\u201d ya es mucho, porque con tanto priista que se est\u00e1 metiendo y mezclando con perredistas banqueteros y panistas de excusado que se han ido a Morena, hoy este partido en Hidalgo no representa la esperanza sino el oportunismo de gran parte de los cuadros que lo est\u00e1n conformando y haciendo a un lado a los Morenistas de convicci\u00f3n a los que las ilusiones no les alcanzan para competir con las ma\u00f1as de los carro\u00f1eros estos.<\/p>\n\n\n\n<p>Da pena verlos pero tambi\u00e9n da asco, como en su momento lo dio la alianza Va por M\u00e9xico conformada por el PAN el PRI y el PRD, porque a pesar de demostrar la poca val\u00eda y toda la carencia de lealtad a la incongruencia pol\u00edtica y humana,&nbsp; deciden irse a la cama de la contienda pol\u00edtica tratando de rescatar el mundo hedonista que por a\u00f1os se han fabricado y al cu\u00e1l se reh\u00fasan a renunciar.&nbsp;<\/p>\n\n\n\n<p>Los carro\u00f1eros no tienen lealtad, son perros que no s\u00f3lo muerden la mano de quien les da de comer y si pueden, se la tragan completa. Est\u00e1n al acecho, se venden como productos milagro que deben estar cerca de cualquier gobierno o esfera de poder; buscan el privilegio y vivir del erario, ni siquiera es necesario decir sus nombres porque a estas alturas todos conocemos a un oportunista, c\u00ednico y vividor de la pol\u00edtica y los cargos p\u00fablicos.&nbsp;<\/p>\n\n\n\n<p>Y como en su momento traicionaron a unos, ahora lo hacen con otro y en este sentido seguramente dentro de seis a\u00f1os, si logran pegarse como garrapatas hijas de la carro\u00f1a al gobierno de la esperanza, seguramente estar\u00e1n traicionando a Menchaca, mientras en estos d\u00edas ya han comenzado a cuestionar que al secretario de Agricultura lo vieron m\u00e1s en bares que en el campo hidalguense, que el de Salud (aunque lo corrieron a tiempo) no visit\u00f3 los hospitales como prometi\u00f3 Omar Fayad.<\/p>\n\n\n\n<p>Hoy las cr\u00edticas se comenzar\u00e1n a centrar en lo que hizo o dej\u00f3 de hacer el gobierno saliente, ya que los carro\u00f1eros tampoco quieren ver muy vigente al personaje que encabez\u00f3 el gobierno que pretenden sepultar con tal de quedar bien con Menchaca o sus allegados, y es una l\u00e1stima que esto suceda en Hidalgo porque en medio de esta crisis de lealtad, de principios y sobre todo de congruencia, todo se puede esperar de perfiles nefastos como estos, que hoy buscan regresar a cargos p\u00fablicos o no soltar los que tienen. Ser\u00e1 de gran inter\u00e9s ver el actuar del nuevo gobierno y la forma en que sortear\u00e1 cada perfil que seguramente ya busc\u00f3 un acercamiento, directo o indirecto, con el gobernador electo.&nbsp;<\/p>\n","protected":false},"excerpt":{"rendered":"<p>Todav\u00eda no se va el gobernador Omar Fayad Meneses y algunos de los que en su momento se declararon sus \u201cincondicionales\u201d han comenzado a buscar un espacio en el nuevo gobierno que encabezar\u00e1 el gobernador electo, Julio Menchaca Salazar, y no les importa andar echando tierra en los espacios que tuvieron como campos laborales y [&hellip;]<\/p>\n","protected":false},"author":109,"featured_media":208657,"comment_status":"closed","ping_status":"closed","sticky":false,"template":"","format":"standard","meta":{"footnotes":""},"categories":[2168,42],"tags":[],"class_list":["post-224813","post","type-post","status-publish","format-standard","has-post-thumbnail","hentry","category-el-pequeno-timmy","category-nuestrapalabra"],"_links":{"self":[{"href":"https:\/\/plazajuarez.mx\/historico\/wp-json\/wp\/v2\/posts\/224813","targetHints":{"allow":["GET"]}}],"collection":[{"href":"https:\/\/plazajuarez.mx\/historico\/wp-json\/wp\/v2\/posts"}],"about":[{"href":"https:\/\/plazajuarez.mx\/historico\/wp-json\/wp\/v2\/types\/post"}],"author":[{"embeddable":true,"href":"https:\/\/plazajuarez.mx\/historico\/wp-json\/wp\/v2\/users\/109"}],"replies":[{"embeddable":true,"href":"https:\/\/plazajuarez.mx\/historico\/wp-json\/wp\/v2\/comments?post=224813"}],"version-history":[{"count":0,"href":"https:\/\/plazajuarez.mx\/historico\/wp-json\/wp\/v2\/posts\/224813\/revisions"}],"wp:featuredmedia":[{"embeddable":true,"href":"https:\/\/plazajuarez.mx\/historico\/wp-json\/wp\/v2\/media\/208657"}],"wp:attachment":[{"href":"https:\/\/plazajuarez.mx\/historico\/wp-json\/wp\/v2\/media?parent=224813"}],"wp:term":[{"taxonomy":"category","embeddable":true,"href":"https:\/\/plazajuarez.mx\/historico\/wp-json\/wp\/v2\/categories?post=224813"},{"taxonomy":"post_tag","embeddable":true,"href":"https:\/\/plazajuarez.mx\/historico\/wp-json\/wp\/v2\/tags?post=224813"}],"curies":[{"name":"wp","href":"https:\/\/api.w.org\/{rel}","templated":true}]}}