{"id":22481,"date":"2016-06-05T19:46:30","date_gmt":"2016-06-05T19:46:30","guid":{"rendered":"http:\/\/plazajuarez.mx\/index\/index.php\/2016\/06\/05\/duarte-quiere-reventar-la-eleccion-declara-yunes\/"},"modified":"2016-06-05T19:46:30","modified_gmt":"2016-06-05T19:46:30","slug":"duarte-quiere-reventar-la-eleccion-declara-yunes","status":"publish","type":"post","link":"https:\/\/plazajuarez.mx\/historico\/duarte-quiere-reventar-la-eleccion-declara-yunes\/","title":{"rendered":"&#8220;Duarte quiere reventar la elecci\u00f3n&#8221;, declara Yunes"},"content":{"rendered":"<p dir=\"ltr\" style=\"line-height: 1.295; margin-top: 0pt; margin-bottom: 8pt; text-align: justify;\"><span style=\"font-size: 18.666666666666664px; font-family: 'Times New Roman'; color: #000000; background-color: transparent; font-weight: 400; font-style: normal; font-variant: normal; text-decoration: none; vertical-align: baseline; white-space: pre-wrap;\">&#8220;Es evidente intervenci\u00f3n del gobierno del estado, totalmente fuera de la ley, de la Polic\u00eda estatal, de la delincuencia operando con la complacencia de tambi\u00e9n de la Secretar\u00eda de Gobernaci\u00f3n&#8221;, dijo Yunes Linares en entrevista con EL UNIVERSAL.<\/span><\/p>\n<p>  <!--more-->  <\/p>\n<p dir=\"ltr\" style=\"line-height: 1.295; margin-top: 0pt; margin-bottom: 8pt; text-align: justify;\">\u00a0<\/p>\n<p style=\"text-align: justify;\"><span id=\"docs-internal-guid-26cd1be4-221d-a029-76c7-c71655aff186\"><span style=\"font-size: 18.6667px; font-family: 'Times New Roman'; color: #000000; vertical-align: baseline; white-space: pre-wrap; background-color: transparent;\">Yunes Linares asegur\u00f3 que el gobernador de Veracruz busca &#8220;reventar la elecci\u00f3n de cualquier manera&#8221;, pues tienen &#8220;detenido al senador Fernando Yunes sin ninguna raz\u00f3n alguna&#8221;. <\/span><\/span><\/p>\n","protected":false},"excerpt":{"rendered":"<p>&#8220;Es evidente intervenci\u00f3n del gobierno del estado, totalmente fuera de la ley, de la Polic\u00eda estatal, de la delincuencia operando con la complacencia de tambi\u00e9n de la Secretar\u00eda de Gobernaci\u00f3n&#8221;, dijo Yunes Linares en entrevista con EL UNIVERSAL.<\/p>\n","protected":false},"author":1,"featured_media":0,"comment_status":"open","ping_status":"open","sticky":false,"template":"","format":"standard","meta":{"footnotes":""},"categories":[36],"tags":[],"class_list":["post-22481","post","type-post","status-publish","format-standard","hentry","category-nacion"],"_links":{"self":[{"href":"https:\/\/plazajuarez.mx\/historico\/wp-json\/wp\/v2\/posts\/22481","targetHints":{"allow":["GET"]}}],"collection":[{"href":"https:\/\/plazajuarez.mx\/historico\/wp-json\/wp\/v2\/posts"}],"about":[{"href":"https:\/\/plazajuarez.mx\/historico\/wp-json\/wp\/v2\/types\/post"}],"author":[{"embeddable":true,"href":"https:\/\/plazajuarez.mx\/historico\/wp-json\/wp\/v2\/users\/1"}],"replies":[{"embeddable":true,"href":"https:\/\/plazajuarez.mx\/historico\/wp-json\/wp\/v2\/comments?post=22481"}],"version-history":[{"count":0,"href":"https:\/\/plazajuarez.mx\/historico\/wp-json\/wp\/v2\/posts\/22481\/revisions"}],"wp:attachment":[{"href":"https:\/\/plazajuarez.mx\/historico\/wp-json\/wp\/v2\/media?parent=22481"}],"wp:term":[{"taxonomy":"category","embeddable":true,"href":"https:\/\/plazajuarez.mx\/historico\/wp-json\/wp\/v2\/categories?post=22481"},{"taxonomy":"post_tag","embeddable":true,"href":"https:\/\/plazajuarez.mx\/historico\/wp-json\/wp\/v2\/tags?post=22481"}],"curies":[{"name":"wp","href":"https:\/\/api.w.org\/{rel}","templated":true}]}}