{"id":22478,"date":"2016-06-05T18:09:14","date_gmt":"2016-06-05T18:09:14","guid":{"rendered":"http:\/\/plazajuarez.mx\/index\/index.php\/2016\/06\/05\/detienen-a-encapuchados-en-oaxaca-asegura-cue\/"},"modified":"2016-06-05T18:09:14","modified_gmt":"2016-06-05T18:09:14","slug":"detienen-a-encapuchados-en-oaxaca-asegura-cue","status":"publish","type":"post","link":"https:\/\/plazajuarez.mx\/historico\/detienen-a-encapuchados-en-oaxaca-asegura-cue\/","title":{"rendered":"Detienen a encapuchados en Oaxaca, asegura Cu\u00e9"},"content":{"rendered":"<p dir=\"ltr\">Tras emitir su voto en la ciudad de Oaxaca, el gobernador del estado, Gabino Cu\u00e9 Monteagudo, resalt\u00f3 el dispositivo de seguridad para resguardar las elecciones con al menos 10 mil elementos federales, estatales y municipales. En el reporte, antes de mediod\u00eda indic\u00f3 que se detuvo a un grupo de j\u00f3venes encapuchados en las inmediaciones de la ciudad.<\/p>\n<p>  <!--more-->  <\/p>\n<p dir=\"ltr\"><span id=\"docs-internal-guid-0f148778-21c4-a587-90a2-576852dda9df\">En entrevista a medios, Cu\u00e9 Monteagudo precis\u00f3 que hoy por la ma\u00f1ana se detect\u00f3 un grupo de personas, de j\u00f3venes, encapuchados y \u201cestamos realizando las revisiones correspondientes para evitar cualquier tipo de incidentes, pero hasta ahora el reporte es blanco\u201d, detall\u00f3. <\/span><\/p>\n","protected":false},"excerpt":{"rendered":"<p>Tras emitir su voto en la ciudad de Oaxaca, el gobernador del estado, Gabino Cu\u00e9 Monteagudo, resalt\u00f3 el dispositivo de seguridad para resguardar las elecciones con al menos 10 mil elementos federales, estatales y municipales. En el reporte, antes de mediod\u00eda indic\u00f3 que se detuvo a un grupo de j\u00f3venes encapuchados en las inmediaciones de [&hellip;]<\/p>\n","protected":false},"author":1,"featured_media":0,"comment_status":"open","ping_status":"open","sticky":false,"template":"","format":"standard","meta":{"footnotes":""},"categories":[36],"tags":[],"class_list":["post-22478","post","type-post","status-publish","format-standard","hentry","category-nacion"],"_links":{"self":[{"href":"https:\/\/plazajuarez.mx\/historico\/wp-json\/wp\/v2\/posts\/22478","targetHints":{"allow":["GET"]}}],"collection":[{"href":"https:\/\/plazajuarez.mx\/historico\/wp-json\/wp\/v2\/posts"}],"about":[{"href":"https:\/\/plazajuarez.mx\/historico\/wp-json\/wp\/v2\/types\/post"}],"author":[{"embeddable":true,"href":"https:\/\/plazajuarez.mx\/historico\/wp-json\/wp\/v2\/users\/1"}],"replies":[{"embeddable":true,"href":"https:\/\/plazajuarez.mx\/historico\/wp-json\/wp\/v2\/comments?post=22478"}],"version-history":[{"count":0,"href":"https:\/\/plazajuarez.mx\/historico\/wp-json\/wp\/v2\/posts\/22478\/revisions"}],"wp:attachment":[{"href":"https:\/\/plazajuarez.mx\/historico\/wp-json\/wp\/v2\/media?parent=22478"}],"wp:term":[{"taxonomy":"category","embeddable":true,"href":"https:\/\/plazajuarez.mx\/historico\/wp-json\/wp\/v2\/categories?post=22478"},{"taxonomy":"post_tag","embeddable":true,"href":"https:\/\/plazajuarez.mx\/historico\/wp-json\/wp\/v2\/tags?post=22478"}],"curies":[{"name":"wp","href":"https:\/\/api.w.org\/{rel}","templated":true}]}}