{"id":22477,"date":"2016-06-05T18:06:56","date_gmt":"2016-06-05T18:06:56","guid":{"rendered":"http:\/\/plazajuarez.mx\/index\/index.php\/2016\/06\/05\/yunes-landa-pide-salir-a-votar-en-libertad\/"},"modified":"2016-06-05T18:06:56","modified_gmt":"2016-06-05T18:06:56","slug":"yunes-landa-pide-salir-a-votar-en-libertad","status":"publish","type":"post","link":"https:\/\/plazajuarez.mx\/historico\/yunes-landa-pide-salir-a-votar-en-libertad\/","title":{"rendered":"Yunes Landa pide salir a votar en libertad"},"content":{"rendered":"<p><span id=\"docs-internal-guid-0f148778-21c2-8446-d700-00ee0733e27a\">El candidato de la Alianza para mejorar Veracruz, el pri\u00edsta H\u00e9ctor Yunes Landa, asegur\u00f3 que trae una importante ventaja en la contienda, no para arrasar, pero adelant\u00f3 que su meta es superar a su m\u00e1s cercano adversario por m\u00e1s de 100 mil votos. El abanderado pri\u00edsta pidi\u00f3 a los ciudadanos que salgan a votar en libertad y no hagan caso de los mensajes intimidatorios que se est\u00e1n presentando en las redes sociales. <\/span><\/p>\n","protected":false},"excerpt":{"rendered":"<p>El candidato de la Alianza para mejorar Veracruz, el pri\u00edsta H\u00e9ctor Yunes Landa, asegur\u00f3 que trae una importante ventaja en la contienda, no para arrasar, pero adelant\u00f3 que su meta es superar a su m\u00e1s cercano adversario por m\u00e1s de 100 mil votos. El abanderado pri\u00edsta pidi\u00f3 a los ciudadanos que salgan a votar en [&hellip;]<\/p>\n","protected":false},"author":1,"featured_media":0,"comment_status":"open","ping_status":"open","sticky":false,"template":"","format":"standard","meta":{"footnotes":""},"categories":[36],"tags":[],"class_list":["post-22477","post","type-post","status-publish","format-standard","hentry","category-nacion"],"_links":{"self":[{"href":"https:\/\/plazajuarez.mx\/historico\/wp-json\/wp\/v2\/posts\/22477","targetHints":{"allow":["GET"]}}],"collection":[{"href":"https:\/\/plazajuarez.mx\/historico\/wp-json\/wp\/v2\/posts"}],"about":[{"href":"https:\/\/plazajuarez.mx\/historico\/wp-json\/wp\/v2\/types\/post"}],"author":[{"embeddable":true,"href":"https:\/\/plazajuarez.mx\/historico\/wp-json\/wp\/v2\/users\/1"}],"replies":[{"embeddable":true,"href":"https:\/\/plazajuarez.mx\/historico\/wp-json\/wp\/v2\/comments?post=22477"}],"version-history":[{"count":0,"href":"https:\/\/plazajuarez.mx\/historico\/wp-json\/wp\/v2\/posts\/22477\/revisions"}],"wp:attachment":[{"href":"https:\/\/plazajuarez.mx\/historico\/wp-json\/wp\/v2\/media?parent=22477"}],"wp:term":[{"taxonomy":"category","embeddable":true,"href":"https:\/\/plazajuarez.mx\/historico\/wp-json\/wp\/v2\/categories?post=22477"},{"taxonomy":"post_tag","embeddable":true,"href":"https:\/\/plazajuarez.mx\/historico\/wp-json\/wp\/v2\/tags?post=22477"}],"curies":[{"name":"wp","href":"https:\/\/api.w.org\/{rel}","templated":true}]}}