{"id":224688,"date":"2022-08-02T08:23:35","date_gmt":"2022-08-02T13:23:35","guid":{"rendered":"https:\/\/plazajuarez.mx\/?p=224688"},"modified":"2022-08-02T08:23:44","modified_gmt":"2022-08-02T13:23:44","slug":"exposicion-fotografica-itinerante-hepatitis-c-en-el-icap","status":"publish","type":"post","link":"https:\/\/plazajuarez.mx\/historico\/exposicion-fotografica-itinerante-hepatitis-c-en-el-icap\/","title":{"rendered":"Exposici\u00f3n fotogr\u00e1fica itinerante \u201cHepatitis C\u201d, en el ICAp"},"content":{"rendered":"\n<p>Hoy comenzar\u00e1 la exposici\u00f3n fotogr\u00e1fica itinerante \u201cHepatitis C\u201d, en el Instituto de Ciencias Agropecuarias (ICAp) de la Universidad Aut\u00f3noma del Estado de Hidalgo (UAEH). Esta tiene el objetivo de \u201ccrear conciencia entre la poblaci\u00f3n sobre los peligros de esta enfermedad, se\u00f1alar las v\u00edas de contagio, as\u00ed como explicar la importancia de la detecci\u00f3n, atenci\u00f3n y tratamiento para evitar complicaciones de salud\u201d.&nbsp;<\/p>\n\n\n\n<p>La exposici\u00f3n estar\u00e1 hasta el 5 de agosto del presente a\u00f1o y en ella habr\u00e1 dos m\u00f3dulos para realizar pruebas gratuitas de detecci\u00f3n de Hepatitis C y VIH, estas ser\u00e1n de acceso para la comunidad y p\u00fablico en general.<\/p>\n\n\n\n<p>En caso de que alguna de las pruebas d\u00e9 positivo se realizar\u00e1n estudios para confirmar o descartar la presencia del virus y en caso de que se confirme ser positiva, dar\u00e1n acompa\u00f1amiento y asesor\u00eda. El servicio ser\u00e1 de 9:00 de la ma\u00f1ana a 3:00 de la tarde&nbsp;<\/p>\n\n\n\n<p>La muestra se hace en el marco del D\u00eda Mundial contra la Hepatitis, que se conmemora cada a\u00f1o el 28 de julio,&nbsp;y contar\u00e1 con 24 fotograf\u00edas donde se explica la Hepatitis, c\u00f3mo evoluciona, cu\u00e1les son los factores de riesgo y algunos testimoniales.&nbsp;a exposici\u00f3n estar\u00e1 ubicada en el edificio \u201cM\u201d del ICAp.Destac\u00f3 que la colecci\u00f3n visual inici\u00f3 en abril pasado gracias a la suma de esfuerzos entre la C\u00e1mara de Diputados federal y la empresa farmac\u00e9utica GILEAD M\u00e9xico, pero debido a la importancia e impacto de la exposici\u00f3n, \u00e9sta se volvi\u00f3 itinerante con el objeto de recorrer diversos rincones del territorio mexicano.<\/p>\n","protected":false},"excerpt":{"rendered":"<p>Hoy comenzar\u00e1 la exposici\u00f3n fotogr\u00e1fica itinerante \u201cHepatitis C\u201d, en el Instituto de Ciencias Agropecuarias (ICAp) de la Universidad Aut\u00f3noma del Estado de Hidalgo (UAEH). Esta tiene el objetivo de \u201ccrear conciencia entre la poblaci\u00f3n sobre los peligros de esta enfermedad, se\u00f1alar las v\u00edas de contagio, as\u00ed como explicar la importancia de la detecci\u00f3n, atenci\u00f3n y [&hellip;]<\/p>\n","protected":false},"author":93,"featured_media":224689,"comment_status":"closed","ping_status":"closed","sticky":false,"template":"","format":"standard","meta":{"footnotes":""},"categories":[59,2159],"tags":[],"class_list":["post-224688","post","type-post","status-publish","format-standard","has-post-thumbnail","hentry","category-general","category-noticias-de-hidalgo"],"_links":{"self":[{"href":"https:\/\/plazajuarez.mx\/historico\/wp-json\/wp\/v2\/posts\/224688","targetHints":{"allow":["GET"]}}],"collection":[{"href":"https:\/\/plazajuarez.mx\/historico\/wp-json\/wp\/v2\/posts"}],"about":[{"href":"https:\/\/plazajuarez.mx\/historico\/wp-json\/wp\/v2\/types\/post"}],"author":[{"embeddable":true,"href":"https:\/\/plazajuarez.mx\/historico\/wp-json\/wp\/v2\/users\/93"}],"replies":[{"embeddable":true,"href":"https:\/\/plazajuarez.mx\/historico\/wp-json\/wp\/v2\/comments?post=224688"}],"version-history":[{"count":0,"href":"https:\/\/plazajuarez.mx\/historico\/wp-json\/wp\/v2\/posts\/224688\/revisions"}],"wp:featuredmedia":[{"embeddable":true,"href":"https:\/\/plazajuarez.mx\/historico\/wp-json\/wp\/v2\/media\/224689"}],"wp:attachment":[{"href":"https:\/\/plazajuarez.mx\/historico\/wp-json\/wp\/v2\/media?parent=224688"}],"wp:term":[{"taxonomy":"category","embeddable":true,"href":"https:\/\/plazajuarez.mx\/historico\/wp-json\/wp\/v2\/categories?post=224688"},{"taxonomy":"post_tag","embeddable":true,"href":"https:\/\/plazajuarez.mx\/historico\/wp-json\/wp\/v2\/tags?post=224688"}],"curies":[{"name":"wp","href":"https:\/\/api.w.org\/{rel}","templated":true}]}}