{"id":224682,"date":"2022-08-02T08:21:39","date_gmt":"2022-08-02T13:21:39","guid":{"rendered":"https:\/\/plazajuarez.mx\/?p=224682"},"modified":"2022-08-02T08:21:44","modified_gmt":"2022-08-02T13:21:44","slug":"primer-festival-del-asado-y-la-cerveza-el-6-y-7-de-agosto","status":"publish","type":"post","link":"https:\/\/plazajuarez.mx\/historico\/primer-festival-del-asado-y-la-cerveza-el-6-y-7-de-agosto\/","title":{"rendered":"Primer Festival del Asado y la Cerveza, el 6 y 7 de agosto"},"content":{"rendered":"\n<p>Los d\u00edas 6 y 7 de agosto, de 10:00 de la ma\u00f1ana a 8:00 PM se realiza en Tepetitl\u00e1n, el Primer Festival del Asado y la Cerveza. Esto en el marco de la fiesta en honor al Se\u00f1or de las Tres Ca\u00eddas.&nbsp;<\/p>\n\n\n\n<p>El evento fue dado a conocer en una rueda de prensa donde Elias Castillo, Presidente Municipal de Tepetitl\u00e1n, reconoci\u00f3 el apoyo de la dependencia estatal por impulsar y promover las riquezas de nuestro estado y visibilizar este tipo de acontecimientos.&nbsp;<\/p>\n\n\n\n<p>Jes\u00fas Olvera, organizador,&nbsp; dio a conocer que participar\u00e1n 15 expositores de asado y cerveza artesanal, y la colaboraci\u00f3n del restaurante \u201cLa antojer\u00eda\u201d, que se estar\u00e1 presente en el festival con platillos como jabal\u00ed, pulpo, costillas a la estaca, carnes ahumadas, carnes tradicionales.<\/p>\n\n\n\n<p>Comentaron que se tiene una expectativa de quince a veinte mil visitantes por d\u00eda y se contar\u00e1 con las medidas de seguridad sanitaria correspondientes.<\/p>\n\n\n\n<p>Estuvieron Marco Aurelio Estrada Flores, Director General de Vinculaci\u00f3n Institucional en representaci\u00f3n del Secretario de Turismo, Eduardo Javier Ba\u00f1os G\u00f3mez; El\u00edas Castillo Mart\u00ednez, Presidente Municipal de Tepetitl\u00e1n; Jes\u00fas Olvera Mart\u00ednez, Organizador, y Javier Ju\u00e1rez Rold\u00e1n, Asador Expositor.<\/p>\n\n\n\n<p>Aurelio Estrada, manifest\u00f3 el apoyo de la Secretar\u00eda de Turismo encabezada por Eduardo Ba\u00f1os, que por instrucciones del Gobernador Omar Fayad, respaldan estos eventos que fortalecen la integraci\u00f3n familiar, ya que activan y promueven la econom\u00eda de la entidad.<\/p>\n","protected":false},"excerpt":{"rendered":"<p>Los d\u00edas 6 y 7 de agosto, de 10:00 de la ma\u00f1ana a 8:00 PM se realiza en Tepetitl\u00e1n, el Primer Festival del Asado y la Cerveza. Esto en el marco de la fiesta en honor al Se\u00f1or de las Tres Ca\u00eddas.&nbsp; El evento fue dado a conocer en una rueda de prensa donde Elias [&hellip;]<\/p>\n","protected":false},"author":101,"featured_media":224683,"comment_status":"closed","ping_status":"closed","sticky":false,"template":"","format":"standard","meta":{"footnotes":""},"categories":[59,2159],"tags":[],"class_list":["post-224682","post","type-post","status-publish","format-standard","has-post-thumbnail","hentry","category-general","category-noticias-de-hidalgo"],"_links":{"self":[{"href":"https:\/\/plazajuarez.mx\/historico\/wp-json\/wp\/v2\/posts\/224682","targetHints":{"allow":["GET"]}}],"collection":[{"href":"https:\/\/plazajuarez.mx\/historico\/wp-json\/wp\/v2\/posts"}],"about":[{"href":"https:\/\/plazajuarez.mx\/historico\/wp-json\/wp\/v2\/types\/post"}],"author":[{"embeddable":true,"href":"https:\/\/plazajuarez.mx\/historico\/wp-json\/wp\/v2\/users\/101"}],"replies":[{"embeddable":true,"href":"https:\/\/plazajuarez.mx\/historico\/wp-json\/wp\/v2\/comments?post=224682"}],"version-history":[{"count":0,"href":"https:\/\/plazajuarez.mx\/historico\/wp-json\/wp\/v2\/posts\/224682\/revisions"}],"wp:featuredmedia":[{"embeddable":true,"href":"https:\/\/plazajuarez.mx\/historico\/wp-json\/wp\/v2\/media\/224683"}],"wp:attachment":[{"href":"https:\/\/plazajuarez.mx\/historico\/wp-json\/wp\/v2\/media?parent=224682"}],"wp:term":[{"taxonomy":"category","embeddable":true,"href":"https:\/\/plazajuarez.mx\/historico\/wp-json\/wp\/v2\/categories?post=224682"},{"taxonomy":"post_tag","embeddable":true,"href":"https:\/\/plazajuarez.mx\/historico\/wp-json\/wp\/v2\/tags?post=224682"}],"curies":[{"name":"wp","href":"https:\/\/api.w.org\/{rel}","templated":true}]}}