{"id":224672,"date":"2022-08-02T08:10:27","date_gmt":"2022-08-02T13:10:27","guid":{"rendered":"https:\/\/plazajuarez.mx\/?p=224672"},"modified":"2022-08-02T08:10:49","modified_gmt":"2022-08-02T13:10:49","slug":"dese-por-enterado-1004","status":"publish","type":"post","link":"https:\/\/plazajuarez.mx\/historico\/dese-por-enterado-1004\/","title":{"rendered":"DESE POR ENTERADO"},"content":{"rendered":"\n<p><strong>ELECCI\u00d3N INTERNA DE MORENA, ASUNTO DE MAPACHER\u00cdAS<\/strong>. \u2013 Acarreos al por mayor, intromisi\u00f3n de grupos de poder con toda su estructura (incluso m\u00e1s poderosa que la del partido convocante), dejaron un amargo sabor de boca a los que se interesaron, a la buena, en la elecci\u00f3n de consejeros de Morena en Hidalgo. Porque al final del d\u00eda lo que se observ\u00f3 es que, sin un control serio de la votaci\u00f3n, lo \u00fanico que se hizo fue abrirle la puerta a verdaderas Bandas de Mapaches, formado en la m\u00e1s alta escuela de la materia. Y por eso no se espanten si de pronto se topan con que el Grupo Universidad ya tiene en sus manos las riendas morenistas hidalguenses. En serio, no sabemos ni qu\u00e9 pensar ante lo visto.<\/p>\n\n\n\n<figure class=\"wp-block-image size-full\"><img loading=\"lazy\" decoding=\"async\" width=\"999\" height=\"1000\" src=\"https:\/\/plazajuarez.mx\/historico\/historico\/wp-content\/uploads\/2022\/08\/ELECCIO\u0301N-INTERNA-DE-MORENA-ASUNTO-DE-MAPACHERI\u0301AS.-\u2013-Especial-.jpg\" alt=\"\" class=\"wp-image-224673\" srcset=\"https:\/\/plazajuarez.mx\/historico\/wp-content\/uploads\/2022\/08\/ELECCIO\u0301N-INTERNA-DE-MORENA-ASUNTO-DE-MAPACHERI\u0301AS.-\u2013-Especial-.jpg 999w, https:\/\/plazajuarez.mx\/historico\/wp-content\/uploads\/2022\/08\/ELECCIO\u0301N-INTERNA-DE-MORENA-ASUNTO-DE-MAPACHERI\u0301AS.-\u2013-Especial--768x769.jpg 768w, https:\/\/plazajuarez.mx\/historico\/wp-content\/uploads\/2022\/08\/ELECCIO\u0301N-INTERNA-DE-MORENA-ASUNTO-DE-MAPACHERI\u0301AS.-\u2013-Especial--36x36.jpg 36w\" sizes=\"auto, (max-width: 999px) 100vw, 999px\" \/><\/figure>\n\n\n\n<p><strong>CHULA DEFENSA DE ABRAHAM<\/strong>. \u2013 As\u00ed mejor que ni defienda la elecci\u00f3n interna de Morena el delegado del Bienestar, <strong>Abraham Mendoza Zenteno<\/strong>, porque eso de manifestar que se magnificaron los errores y que, a ver, por qu\u00e9 no lo hac\u00edan antes con los comicios tricolores, como que ya suena al discurso oficial de que todo lo malo es asunto del pasado, y si ahora fueron un desastre los comicios internos, fue porque esta vez s\u00ed se respetaron el voto, \u201cno como antes\u201d. Alguien debe explicar el porqu\u00e9 se le puso en bandeja de plata, y sin pago por la franquicia morenista, a los de la universidad, que acarrearon que dio gusto, bajo amenazas a sus trabajadores y acad\u00e9micos. El resultado: ganaron todo lo que quisieron, y ahora a ver c\u00f3mo los hacen entender que no por mandar en Morena, ya tienen manga ancha para dar \u00f3rdenes al futuro gobernador.<\/p>\n\n\n\n<figure class=\"wp-block-image size-full\"><img loading=\"lazy\" decoding=\"async\" width=\"2560\" height=\"1707\" src=\"https:\/\/plazajuarez.mx\/historico\/historico\/wp-content\/uploads\/2022\/08\/CHULA-DEFENSA-DE-ABRAHAM-\u2013Archivo-scaled.jpeg\" alt=\"\" class=\"wp-image-224674\" srcset=\"https:\/\/plazajuarez.mx\/historico\/wp-content\/uploads\/2022\/08\/CHULA-DEFENSA-DE-ABRAHAM-\u2013Archivo-scaled.jpeg 2560w, https:\/\/plazajuarez.mx\/historico\/wp-content\/uploads\/2022\/08\/CHULA-DEFENSA-DE-ABRAHAM-\u2013Archivo-768x512.jpeg 768w, https:\/\/plazajuarez.mx\/historico\/wp-content\/uploads\/2022\/08\/CHULA-DEFENSA-DE-ABRAHAM-\u2013Archivo-1536x1024.jpeg 1536w, https:\/\/plazajuarez.mx\/historico\/wp-content\/uploads\/2022\/08\/CHULA-DEFENSA-DE-ABRAHAM-\u2013Archivo-2048x1365.jpeg 2048w, https:\/\/plazajuarez.mx\/historico\/wp-content\/uploads\/2022\/08\/CHULA-DEFENSA-DE-ABRAHAM-\u2013Archivo-274x183.jpeg 274w, https:\/\/plazajuarez.mx\/historico\/wp-content\/uploads\/2022\/08\/CHULA-DEFENSA-DE-ABRAHAM-\u2013Archivo-80x54.jpeg 80w, https:\/\/plazajuarez.mx\/historico\/wp-content\/uploads\/2022\/08\/CHULA-DEFENSA-DE-ABRAHAM-\u2013Archivo-130x87.jpeg 130w, https:\/\/plazajuarez.mx\/historico\/wp-content\/uploads\/2022\/08\/CHULA-DEFENSA-DE-ABRAHAM-\u2013Archivo-359x240.jpeg 359w, https:\/\/plazajuarez.mx\/historico\/wp-content\/uploads\/2022\/08\/CHULA-DEFENSA-DE-ABRAHAM-\u2013Archivo-85x57.jpeg 85w, https:\/\/plazajuarez.mx\/historico\/wp-content\/uploads\/2022\/08\/CHULA-DEFENSA-DE-ABRAHAM-\u2013Archivo-546x365.jpeg 546w, https:\/\/plazajuarez.mx\/historico\/wp-content\/uploads\/2022\/08\/CHULA-DEFENSA-DE-ABRAHAM-\u2013Archivo-165x109.jpeg 165w, https:\/\/plazajuarez.mx\/historico\/wp-content\/uploads\/2022\/08\/CHULA-DEFENSA-DE-ABRAHAM-\u2013Archivo-112x75.jpeg 112w, https:\/\/plazajuarez.mx\/historico\/wp-content\/uploads\/2022\/08\/CHULA-DEFENSA-DE-ABRAHAM-\u2013Archivo-179x120.jpeg 179w, https:\/\/plazajuarez.mx\/historico\/wp-content\/uploads\/2022\/08\/CHULA-DEFENSA-DE-ABRAHAM-\u2013Archivo-170x113.jpeg 170w, https:\/\/plazajuarez.mx\/historico\/wp-content\/uploads\/2022\/08\/CHULA-DEFENSA-DE-ABRAHAM-\u2013Archivo-81x55.jpeg 81w, https:\/\/plazajuarez.mx\/historico\/wp-content\/uploads\/2022\/08\/CHULA-DEFENSA-DE-ABRAHAM-\u2013Archivo-765x510.jpeg 765w\" sizes=\"auto, (max-width: 2560px) 100vw, 2560px\" \/><\/figure>\n\n\n\n<p><strong>TOTAL, LA MISMA HISTORIA<\/strong>. \u2013 El hecho fundamental es que el paso del tiempo acaba con todo, menos con el poder del m\u00e1ximo dirigente del grupo pol\u00edtico que mantiene desde hace por lo menos tres d\u00e9cadas, a la Universidad Aut\u00f3noma del Estado de Hidalgo, que de aut\u00f3noma tiene lo que Biden de juventud. Es pues una universidad p\u00fablica, pero privada y en manos de un grupo que ha hecho lo que le ha venido en gana en la instituci\u00f3n. La raz\u00f3n es que su l\u00edder ha construido todo un imperio de poder econ\u00f3mico y pol\u00edtico, y le pese a quien le pese, se mantiene vigente. Veremos si haberse apoderado de hecho de Morena, partido que gan\u00f3 la gubernatura, no lo tienta a querer convertirse en un problema para el gobernador electo, <strong>Julio Menchaca Salazar<\/strong>. Dif\u00edcilmente lo habr\u00e1, pero si ha tomado el camino para una posible negociaci\u00f3n que le evite regresar al Centro de Alta Seguridad de El Altiplano.<\/p>\n\n\n\n<figure class=\"wp-block-image size-full\"><img loading=\"lazy\" decoding=\"async\" width=\"745\" height=\"558\" src=\"https:\/\/plazajuarez.mx\/historico\/historico\/wp-content\/uploads\/2022\/08\/TOTAL-LA-MISMA-HISTORIA.-Especial-.jpeg\" alt=\"\" class=\"wp-image-224675\"\/><\/figure>\n\n\n\n<p><strong>EL CAMBIO DE PODERES<\/strong>. \u2013 Ya falta muy poco. Ser\u00e1 en los pr\u00f3ximos d\u00edas cuando se d\u00e9 a conocer el gabinete legal y ampliado del <strong>gobernador Menchaca<\/strong>. Luego de los desfiguros de Morena para elegir a sus consejeros, veremos si el nombre de cada uno de los nuevos funcionarios, nos da indicios de por d\u00f3nde caminar\u00e1 el mandatario electo. NO ajeno a las jugarretas del Grupo Universidad, que buscaron con todo quitarle en su momento la candidatura al Senado de la Rep\u00fablica, sabe que la gran diferencia es que \u00e9l ya es gobernador, y el otro nunca lo ser\u00e1.<\/p>\n\n\n\n<figure class=\"wp-block-image size-full\"><img loading=\"lazy\" decoding=\"async\" width=\"2560\" height=\"1639\" src=\"https:\/\/plazajuarez.mx\/historico\/historico\/wp-content\/uploads\/2022\/08\/EL-CAMBIO-DE-PODERES.-\u2013-Aylin-Simo\u0301n--scaled.jpeg\" alt=\"\" class=\"wp-image-224676\" srcset=\"https:\/\/plazajuarez.mx\/historico\/wp-content\/uploads\/2022\/08\/EL-CAMBIO-DE-PODERES.-\u2013-Aylin-Simo\u0301n--scaled.jpeg 2560w, https:\/\/plazajuarez.mx\/historico\/wp-content\/uploads\/2022\/08\/EL-CAMBIO-DE-PODERES.-\u2013-Aylin-Simo\u0301n--768x492.jpeg 768w, https:\/\/plazajuarez.mx\/historico\/wp-content\/uploads\/2022\/08\/EL-CAMBIO-DE-PODERES.-\u2013-Aylin-Simo\u0301n--1536x984.jpeg 1536w, https:\/\/plazajuarez.mx\/historico\/wp-content\/uploads\/2022\/08\/EL-CAMBIO-DE-PODERES.-\u2013-Aylin-Simo\u0301n--2048x1312.jpeg 2048w, https:\/\/plazajuarez.mx\/historico\/wp-content\/uploads\/2022\/08\/EL-CAMBIO-DE-PODERES.-\u2013-Aylin-Simo\u0301n--179x116.jpeg 179w\" sizes=\"auto, (max-width: 2560px) 100vw, 2560px\" \/><\/figure>\n\n\n\n<p><strong>Aviso para que no digan: Esta columna se nutre de comentarios recabados por agencias del Recontra-Espionaje, muy similares a las que populariz\u00f3 el \u201cS\u00faper Agente 86\u201d en sus tiempos. Como tal lo que publicamos puede que sea cierto, puede que no, o todo lo contrario. Est\u00e1 usted en libertad de creer o no lo que lee, recontra-enojarse, recontra- carcajearse y hasta recontra-recordarnos a nuestra jefecita (nosotros recontra-haremos lo propio). Avisado est\u00e1 usted.&nbsp;<\/strong><\/p>\n\n\n\n<p><strong>desexenterado@gmail.com @desexenterado&nbsp;<\/strong><\/p>\n","protected":false},"excerpt":{"rendered":"<p>ELECCI\u00d3N INTERNA DE MORENA, ASUNTO DE MAPACHER\u00cdAS. \u2013 Acarreos al por mayor, intromisi\u00f3n de grupos de poder con toda su estructura (incluso m\u00e1s poderosa que la del partido convocante), dejaron un amargo sabor de boca a los que se interesaron, a la buena, en la elecci\u00f3n de consejeros de Morena en Hidalgo. Porque al final [&hellip;]<\/p>\n","protected":false},"author":93,"featured_media":208507,"comment_status":"closed","ping_status":"closed","sticky":false,"template":"","format":"standard","meta":{"footnotes":""},"categories":[83],"tags":[],"class_list":["post-224672","post","type-post","status-publish","format-standard","has-post-thumbnail","hentry","category-dese-por-enterado"],"_links":{"self":[{"href":"https:\/\/plazajuarez.mx\/historico\/wp-json\/wp\/v2\/posts\/224672","targetHints":{"allow":["GET"]}}],"collection":[{"href":"https:\/\/plazajuarez.mx\/historico\/wp-json\/wp\/v2\/posts"}],"about":[{"href":"https:\/\/plazajuarez.mx\/historico\/wp-json\/wp\/v2\/types\/post"}],"author":[{"embeddable":true,"href":"https:\/\/plazajuarez.mx\/historico\/wp-json\/wp\/v2\/users\/93"}],"replies":[{"embeddable":true,"href":"https:\/\/plazajuarez.mx\/historico\/wp-json\/wp\/v2\/comments?post=224672"}],"version-history":[{"count":0,"href":"https:\/\/plazajuarez.mx\/historico\/wp-json\/wp\/v2\/posts\/224672\/revisions"}],"wp:featuredmedia":[{"embeddable":true,"href":"https:\/\/plazajuarez.mx\/historico\/wp-json\/wp\/v2\/media\/208507"}],"wp:attachment":[{"href":"https:\/\/plazajuarez.mx\/historico\/wp-json\/wp\/v2\/media?parent=224672"}],"wp:term":[{"taxonomy":"category","embeddable":true,"href":"https:\/\/plazajuarez.mx\/historico\/wp-json\/wp\/v2\/categories?post=224672"},{"taxonomy":"post_tag","embeddable":true,"href":"https:\/\/plazajuarez.mx\/historico\/wp-json\/wp\/v2\/tags?post=224672"}],"curies":[{"name":"wp","href":"https:\/\/api.w.org\/{rel}","templated":true}]}}