{"id":224644,"date":"2022-08-01T15:55:39","date_gmt":"2022-08-01T20:55:39","guid":{"rendered":"https:\/\/plazajuarez.mx\/?p=224644"},"modified":"2022-08-01T15:55:45","modified_gmt":"2022-08-01T20:55:45","slug":"con-enfermeras-disfrazadas-arranca-la-vacunacion-para-menores-de-5-a-11-anos","status":"publish","type":"post","link":"https:\/\/plazajuarez.mx\/historico\/con-enfermeras-disfrazadas-arranca-la-vacunacion-para-menores-de-5-a-11-anos\/","title":{"rendered":"Con enfermeras disfrazadas arranca la vacunaci\u00f3n para menores de 5 a 11 a\u00f1os"},"content":{"rendered":"\n<p><strong>Huejutla Hgo<\/strong>. Con enfermeras disfrazadas de s\u00faper hero\u00ednas y en presencia de las autoridades municipales de Huejutla se realiz\u00f3 la primera jornada de vacunaci\u00f3n contra la covid-19 a ni\u00f1os y ni\u00f1as de 5 a 11 a\u00f1os de edad este lunes.<\/p>\n\n\n\n<p>Desde temprana hora se pod\u00edan observar largas filas de adultos con los menores para esperar su turno y ser atendidos; tambi\u00e9n en el lugar destacaba la presencia de personajes animados y botargas que enviaban diferentes mensajes, entre ellos, promover la descacharrizaci\u00f3n y se colocaron algunas lonas donde se daba a conocer la importancia de vacunarse.<\/p>\n\n\n\n<p>Al respecto la doctora Hipatya Herbert m\u00e9dico Cirujano Partero adscrito al Centro de Salud de la localidad de Cuapaxtitla indic\u00f3 que esta estrategia surge para brindar m\u00e1s confianza a los ni\u00f1os y ni\u00f1as.<\/p>\n\n\n\n<p>\u201cPues esta iniciativa surgi\u00f3 entre los compa\u00f1eros para que los ni\u00f1os tengan m\u00e1s confianza al ver a un s\u00faper h\u00e9roe, se motiven y evitar el miedo a la vacuna\u2026 e invitarlos a todas y todos seguir formando una sociedad digna donde debemos seguir portando el cubre bocas y principalmente no descuidarnos\u201d.<\/p>\n\n\n\n<p>Cabe mencionar que esta jornada de vacunaci\u00f3n se extender\u00e1 hasta el viernes 5 de agosto y durante el acto protocolario autoridades de salud informaron que en esta semana la meta es aplicar 17 mil 420 dosis del biol\u00f3gico Pfizer BioNTech&nbsp; pedi\u00e1trico en un horario de 9:00 a 13:00 horas.<\/p>\n","protected":false},"excerpt":{"rendered":"<p>Huejutla Hgo. Con enfermeras disfrazadas de s\u00faper hero\u00ednas y en presencia de las autoridades municipales de Huejutla se realiz\u00f3 la primera jornada de vacunaci\u00f3n contra la covid-19 a ni\u00f1os y ni\u00f1as de 5 a 11 a\u00f1os de edad este lunes. Desde temprana hora se pod\u00edan observar largas filas de adultos con los menores para esperar [&hellip;]<\/p>\n","protected":false},"author":76,"featured_media":224645,"comment_status":"closed","ping_status":"closed","sticky":false,"template":"","format":"standard","meta":{"footnotes":""},"categories":[15,2159,40],"tags":[],"class_list":["post-224644","post","type-post","status-publish","format-standard","has-post-thumbnail","hentry","category-destacadas","category-noticias-de-hidalgo","category-region"],"_links":{"self":[{"href":"https:\/\/plazajuarez.mx\/historico\/wp-json\/wp\/v2\/posts\/224644","targetHints":{"allow":["GET"]}}],"collection":[{"href":"https:\/\/plazajuarez.mx\/historico\/wp-json\/wp\/v2\/posts"}],"about":[{"href":"https:\/\/plazajuarez.mx\/historico\/wp-json\/wp\/v2\/types\/post"}],"author":[{"embeddable":true,"href":"https:\/\/plazajuarez.mx\/historico\/wp-json\/wp\/v2\/users\/76"}],"replies":[{"embeddable":true,"href":"https:\/\/plazajuarez.mx\/historico\/wp-json\/wp\/v2\/comments?post=224644"}],"version-history":[{"count":0,"href":"https:\/\/plazajuarez.mx\/historico\/wp-json\/wp\/v2\/posts\/224644\/revisions"}],"wp:featuredmedia":[{"embeddable":true,"href":"https:\/\/plazajuarez.mx\/historico\/wp-json\/wp\/v2\/media\/224645"}],"wp:attachment":[{"href":"https:\/\/plazajuarez.mx\/historico\/wp-json\/wp\/v2\/media?parent=224644"}],"wp:term":[{"taxonomy":"category","embeddable":true,"href":"https:\/\/plazajuarez.mx\/historico\/wp-json\/wp\/v2\/categories?post=224644"},{"taxonomy":"post_tag","embeddable":true,"href":"https:\/\/plazajuarez.mx\/historico\/wp-json\/wp\/v2\/tags?post=224644"}],"curies":[{"name":"wp","href":"https:\/\/api.w.org\/{rel}","templated":true}]}}