{"id":224633,"date":"2022-08-01T13:54:38","date_gmt":"2022-08-01T18:54:38","guid":{"rendered":"https:\/\/plazajuarez.mx\/?p=224633"},"modified":"2022-08-01T13:54:44","modified_gmt":"2022-08-01T18:54:44","slug":"dani_alves-4","status":"publish","type":"post","link":"https:\/\/plazajuarez.mx\/historico\/dani_alves-4\/","title":{"rendered":"Dani Alves. La historia de sus primeros tacos en M\u00e9xico"},"content":{"rendered":"\n<p>Dani Alves contin\u00faa conociendo cada d\u00eda m\u00e1s de las costumbres y tradiciones de M\u00e9xico, un pa\u00eds que hace poco tiempo le abri\u00f3 la puerta para su llegada a la Liga MX.<\/p>\n\n\n\n<p>El lateral brasile\u00f1o en pocos d\u00edas ha demostrando su calidad en las canchas mexicanas y tambi\u00e9n la humana dentro del vestidos universitario.<\/p>\n\n\n\n<p>Una cualidad que destac\u00f3 su compatriota y nuevo compa\u00f1ero Higor Meritao, quien en entrevista para las redes oficiales de Pumas comparti\u00f3 la primera experiencia del exjugador del FC Barcelona y la comida mexicana.<\/p>\n\n\n\n<p>Meritao narr\u00f3 que la llegada de Dani Alves con Pumas lo sorprendi\u00f3 y de las primeras acciones que le vinieron a la mente para conocer m\u00e1s al jugador fue invitarle a cenar tacos.<\/p>\n\n\n\n<p>&#8220;Lo invit\u00e9 el otro d\u00eda para irnos Remolkito que estoy ah\u00ed una o dos veces a la semana. Entonces lo invit\u00e9 a los mejores tacos de M\u00e9xico&#8221;.<\/p>\n\n\n\n<p>El establecimiento ubicado en el sur de la capital mexicana comparti\u00f3 alguna imagen de la visita del brasile\u00f1o, quien junto a su compa\u00f1ero visitaron las instalaciones despu\u00e9s del juego de Pumas ante Mazatl\u00e1n FC.<\/p>\n","protected":false},"excerpt":{"rendered":"<p>Dani Alves contin\u00faa conociendo cada d\u00eda m\u00e1s de las costumbres y tradiciones de M\u00e9xico, un pa\u00eds que hace poco tiempo le abri\u00f3 la puerta para su llegada a la Liga MX. El lateral brasile\u00f1o en pocos d\u00edas ha demostrando su calidad en las canchas mexicanas y tambi\u00e9n la humana dentro del vestidos universitario. Una cualidad [&hellip;]<\/p>\n","protected":false},"author":81,"featured_media":224634,"comment_status":"closed","ping_status":"closed","sticky":false,"template":"","format":"standard","meta":{"footnotes":""},"categories":[39],"tags":[],"class_list":["post-224633","post","type-post","status-publish","format-standard","has-post-thumbnail","hentry","category-deportiva"],"_links":{"self":[{"href":"https:\/\/plazajuarez.mx\/historico\/wp-json\/wp\/v2\/posts\/224633","targetHints":{"allow":["GET"]}}],"collection":[{"href":"https:\/\/plazajuarez.mx\/historico\/wp-json\/wp\/v2\/posts"}],"about":[{"href":"https:\/\/plazajuarez.mx\/historico\/wp-json\/wp\/v2\/types\/post"}],"author":[{"embeddable":true,"href":"https:\/\/plazajuarez.mx\/historico\/wp-json\/wp\/v2\/users\/81"}],"replies":[{"embeddable":true,"href":"https:\/\/plazajuarez.mx\/historico\/wp-json\/wp\/v2\/comments?post=224633"}],"version-history":[{"count":0,"href":"https:\/\/plazajuarez.mx\/historico\/wp-json\/wp\/v2\/posts\/224633\/revisions"}],"wp:featuredmedia":[{"embeddable":true,"href":"https:\/\/plazajuarez.mx\/historico\/wp-json\/wp\/v2\/media\/224634"}],"wp:attachment":[{"href":"https:\/\/plazajuarez.mx\/historico\/wp-json\/wp\/v2\/media?parent=224633"}],"wp:term":[{"taxonomy":"category","embeddable":true,"href":"https:\/\/plazajuarez.mx\/historico\/wp-json\/wp\/v2\/categories?post=224633"},{"taxonomy":"post_tag","embeddable":true,"href":"https:\/\/plazajuarez.mx\/historico\/wp-json\/wp\/v2\/tags?post=224633"}],"curies":[{"name":"wp","href":"https:\/\/api.w.org\/{rel}","templated":true}]}}