{"id":224630,"date":"2022-08-01T13:47:56","date_gmt":"2022-08-01T18:47:56","guid":{"rendered":"https:\/\/plazajuarez.mx\/?p=224630"},"modified":"2022-08-01T13:48:03","modified_gmt":"2022-08-01T18:48:03","slug":"spiderman","status":"publish","type":"post","link":"https:\/\/plazajuarez.mx\/historico\/spiderman\/","title":{"rendered":"Hoy es el d\u00eda de Spider-man, \u00bfpor qu\u00e9 se celebra?"},"content":{"rendered":"\n<p>Cada primero de agosto, los fan\u00e1ticos de uno de los superh\u00e9roes m\u00e1s distinguidos de Marvel C\u00f3mics, Spider-man, celebran al ar\u00e1cnido a pesar de no ser este el d\u00eda de su creaci\u00f3n y mucho menos su primera aparici\u00f3n, pero \u00bfa qu\u00e9 se deba que hoy se conmemore el legado de Peter Parker? Aqu\u00ed te contamos el origen de la fecha.<\/p>\n\n\n\n<p>Peter Parker, aquel hombre detr\u00e1s del traje de Spider-man, paso del trazo a convertirse en un personaje de c\u00f3mic, por primera vez, el 10 de agosto de 1962 en la decimoquinta y \u00faltima edici\u00f3n de la colecci\u00f3n de c\u00f3micos &#8220;Amazing Fantasy&#8221; (creado por Stan Lee) de Marvel C\u00f3mics, pertenecientes a la edad de plata de las tiras comicas.<\/p>\n\n\n\n<p>El \u00e9xito fue tal que su creador decidi\u00f3 darle su propio c\u00f3mic al superh\u00e9roe con la colecci\u00f3n &#8220;The Amazing Spider-man&#8221;, que comenz\u00f3 a ser comercializada en 1963.<\/p>\n\n\n\n<p>En un principio el boceto mostraba a un Spide-rman sumamente musculoso, pero finalmente se decidi\u00f3 optar por el dise\u00f1o del artista gr\u00e1fico Steve Ditko, con un dise\u00f1o menos musculoso que el Capit\u00e1n Am\u00e9rica y detr\u00e1s de un traje enigm\u00e1tico.<\/p>\n\n\n\n<p>Fue as\u00ed como naci\u00f3 Peter Parker, nombre que encant\u00f3 al p\u00fablico, y personaje que innov\u00f3 la personalidad de los h\u00e9roes de la \u00e9poca, quienes casi siempre relegaba al papel secundario a los adolescentes, que en este caso tomaron protagonismo con Peter como su precursor.<\/p>\n\n\n\n<p>El c\u00f3mic se convirti\u00f3 en uno de los m\u00e1s vendidos y m\u00e1s duraderos de la franquicia Marvel, realizado de 1963 hasta 1998. A partir del a\u00f1o 2002, bajo la direcci\u00f3n de San Raimi el h\u00e9roe ar\u00e1cnido fue adaptado a la pantalla grande e interpretado por Tobey Maguire, quien hasta ahora sigue siendo el Spider-man m\u00e1s querido del s\u00e9ptimo arte por los fans.<\/p>\n\n\n\n<p>Posteriormente, (en 2012 y 2014) Andrew Garfield dio vida a lo que para los fans ser\u00eda una adaptaci\u00f3n mucho m\u00e1s fidedigna al c\u00f3mic original de Spider-man en la pantalla grande, con un Peter Parker inseguro sin el traje, pero exc\u00e9ntrico bajo la m\u00e1scara, car\u00e1cter que para muchos no logr\u00f3 Tobey en la primera trilog\u00eda del hombre ara\u00f1a.<\/p>\n\n\n\n<p>Para 2017, la exigencia de los fans de incluir en la filmograf\u00eda de los vengadores al superh\u00e9roe ic\u00f3nico se volvi\u00f3 realidad y vio su primera adaptaci\u00f3n con Tom Holland, a cargo de la interpretaci\u00f3n de Spider-man en &#8220;Spider-man: de regreso a casa&#8221;, dirigida por Jon Watts.<\/p>\n\n\n\n<p>Por si fuera poco, el multiverso del ar\u00e1cnido no tuvo l\u00edmites y el a\u00f1o pasado se vivi\u00f3 la entrega de una de las m\u00e1s nostalgias pel\u00edculas de Marvel con &#8220;Spider-man: No way home&#8221; d\u00f3nde los tres hombre ara\u00f1a del cine aparecieron juntos a cuadro.<\/p>\n\n\n\n<p>Para ver todas estas pel\u00edculas y celebrar todo el mes al hombre ara\u00f1a te dejamos la lista de d\u00f3nde puedes ver cada una de las entregas.<\/p>\n","protected":false},"excerpt":{"rendered":"<p>Cada primero de agosto, los fan\u00e1ticos de uno de los superh\u00e9roes m\u00e1s distinguidos de Marvel C\u00f3mics, Spider-man, celebran al ar\u00e1cnido a pesar de no ser este el d\u00eda de su creaci\u00f3n y mucho menos su primera aparici\u00f3n, pero \u00bfa qu\u00e9 se deba que hoy se conmemore el legado de Peter Parker? Aqu\u00ed te contamos el [&hellip;]<\/p>\n","protected":false},"author":81,"featured_media":224631,"comment_status":"closed","ping_status":"closed","sticky":false,"template":"","format":"standard","meta":{"footnotes":""},"categories":[15,38],"tags":[],"class_list":["post-224630","post","type-post","status-publish","format-standard","has-post-thumbnail","hentry","category-destacadas","category-show"],"_links":{"self":[{"href":"https:\/\/plazajuarez.mx\/historico\/wp-json\/wp\/v2\/posts\/224630","targetHints":{"allow":["GET"]}}],"collection":[{"href":"https:\/\/plazajuarez.mx\/historico\/wp-json\/wp\/v2\/posts"}],"about":[{"href":"https:\/\/plazajuarez.mx\/historico\/wp-json\/wp\/v2\/types\/post"}],"author":[{"embeddable":true,"href":"https:\/\/plazajuarez.mx\/historico\/wp-json\/wp\/v2\/users\/81"}],"replies":[{"embeddable":true,"href":"https:\/\/plazajuarez.mx\/historico\/wp-json\/wp\/v2\/comments?post=224630"}],"version-history":[{"count":0,"href":"https:\/\/plazajuarez.mx\/historico\/wp-json\/wp\/v2\/posts\/224630\/revisions"}],"wp:featuredmedia":[{"embeddable":true,"href":"https:\/\/plazajuarez.mx\/historico\/wp-json\/wp\/v2\/media\/224631"}],"wp:attachment":[{"href":"https:\/\/plazajuarez.mx\/historico\/wp-json\/wp\/v2\/media?parent=224630"}],"wp:term":[{"taxonomy":"category","embeddable":true,"href":"https:\/\/plazajuarez.mx\/historico\/wp-json\/wp\/v2\/categories?post=224630"},{"taxonomy":"post_tag","embeddable":true,"href":"https:\/\/plazajuarez.mx\/historico\/wp-json\/wp\/v2\/tags?post=224630"}],"curies":[{"name":"wp","href":"https:\/\/api.w.org\/{rel}","templated":true}]}}