{"id":224625,"date":"2022-08-01T13:35:46","date_gmt":"2022-08-01T18:35:46","guid":{"rendered":"https:\/\/plazajuarez.mx\/?p=224625"},"modified":"2022-08-01T13:35:52","modified_gmt":"2022-08-01T18:35:52","slug":"vicente_fox","status":"publish","type":"post","link":"https:\/\/plazajuarez.mx\/historico\/vicente_fox\/","title":{"rendered":"Vicente Fox reacciona a incidentes en elecciones de Morena"},"content":{"rendered":"\n<p>Luego de que este fin de semana se registraran incidentes en las elecciones intermedias de Morena, el exmandatario Vicente Fox lanz\u00f3 varios mensajes en los que critic\u00f3 el proceso en el partido del presidente Andr\u00e9s Manuel L\u00f3pez Obrador.<\/p>\n\n\n\n<p>En redes sociales, el expresidente de M\u00e9xico tambi\u00e9n hizo un llamado a defender al Instituto Nacional Electoral (INE) e indic\u00f3 que las &#8220;evidencias&#8221; que circulan &#8220;ponen al desnudo el cinismo&#8221; del presidente L\u00f3pez Obrador.<\/p>\n\n\n\n<p>&#8220;Todos, todas integremos un gran ej\u00e9rcito ciudadano &#8220;cazamapaches&#8221; en respaldo del INE&#8221;, escribi\u00f3 Fox.<\/p>\n\n\n\n<p>&#8220;Trogloditas, primates y MORENOS&#8230;&#8230; A 10 rounds sin l\u00edmite de tiempo&#8230;. En esta esquina&#8230;&#8230;&#8221;, declar\u00f3 Fox en redes al compartir videos de enfrentamientos en los distritos en los que Morena celebr\u00f3 elecciones.<\/p>\n\n\n\n<p>&#8220;QUE MARRANADAS VIMOS AYER TODA LA NACION!! ESO ES MORENA<\/p>\n\n\n\n<p>ESO ES M.DELGADO. ESO ES LOPEZ. MARRANADAS AL PURO ESTILO DEL VIEJO PRI&#8221;, agreg\u00f3.<\/p>\n\n\n\n<p>&#8220;El Pa\u00eds entero tomado por estas Hordas de barbajanes. NO te dejes arrastrar, salva tu DIGNIDAD, as\u00ed te den pensiones, becas, apoyos&#8230;.esos te pertenecen no est\u00e1n a discusi\u00f3n!!&#8221;, agreg\u00f3 en otro mensaje.<\/p>\n\n\n\n<p>Por su lado, el presidente L\u00f3pez Obrador minimiz\u00f3 las irregularidades registradas en las elecciones y celebr\u00f3 que se trat\u00f3 de &#8220;una jornada democr\u00e1tica&#8221;.<\/p>\n","protected":false},"excerpt":{"rendered":"<p>Luego de que este fin de semana se registraran incidentes en las elecciones intermedias de Morena, el exmandatario Vicente Fox lanz\u00f3 varios mensajes en los que critic\u00f3 el proceso en el partido del presidente Andr\u00e9s Manuel L\u00f3pez Obrador. En redes sociales, el expresidente de M\u00e9xico tambi\u00e9n hizo un llamado a defender al Instituto Nacional Electoral [&hellip;]<\/p>\n","protected":false},"author":81,"featured_media":224626,"comment_status":"closed","ping_status":"closed","sticky":false,"template":"","format":"standard","meta":{"footnotes":""},"categories":[36],"tags":[],"class_list":["post-224625","post","type-post","status-publish","format-standard","has-post-thumbnail","hentry","category-nacion"],"_links":{"self":[{"href":"https:\/\/plazajuarez.mx\/historico\/wp-json\/wp\/v2\/posts\/224625","targetHints":{"allow":["GET"]}}],"collection":[{"href":"https:\/\/plazajuarez.mx\/historico\/wp-json\/wp\/v2\/posts"}],"about":[{"href":"https:\/\/plazajuarez.mx\/historico\/wp-json\/wp\/v2\/types\/post"}],"author":[{"embeddable":true,"href":"https:\/\/plazajuarez.mx\/historico\/wp-json\/wp\/v2\/users\/81"}],"replies":[{"embeddable":true,"href":"https:\/\/plazajuarez.mx\/historico\/wp-json\/wp\/v2\/comments?post=224625"}],"version-history":[{"count":0,"href":"https:\/\/plazajuarez.mx\/historico\/wp-json\/wp\/v2\/posts\/224625\/revisions"}],"wp:featuredmedia":[{"embeddable":true,"href":"https:\/\/plazajuarez.mx\/historico\/wp-json\/wp\/v2\/media\/224626"}],"wp:attachment":[{"href":"https:\/\/plazajuarez.mx\/historico\/wp-json\/wp\/v2\/media?parent=224625"}],"wp:term":[{"taxonomy":"category","embeddable":true,"href":"https:\/\/plazajuarez.mx\/historico\/wp-json\/wp\/v2\/categories?post=224625"},{"taxonomy":"post_tag","embeddable":true,"href":"https:\/\/plazajuarez.mx\/historico\/wp-json\/wp\/v2\/tags?post=224625"}],"curies":[{"name":"wp","href":"https:\/\/api.w.org\/{rel}","templated":true}]}}