{"id":224624,"date":"2022-08-01T14:03:25","date_gmt":"2022-08-01T19:03:25","guid":{"rendered":"https:\/\/plazajuarez.mx\/?p=224624"},"modified":"2022-08-01T14:03:33","modified_gmt":"2022-08-01T19:03:33","slug":"nina-genio-de-mexico-estudiara-medicina-en-eeuu-a-sus-10-anos","status":"publish","type":"post","link":"https:\/\/plazajuarez.mx\/historico\/nina-genio-de-mexico-estudiara-medicina-en-eeuu-a-sus-10-anos\/","title":{"rendered":"Ni\u00f1a genio de M\u00e9xico estudiar\u00e1 medicina en EEUU a sus 10 a\u00f1os"},"content":{"rendered":"\n<p>Con tan solo 10 a\u00f1os de edad la mexicana Michelle Arellano, una ni\u00f1a del sureste mexicano con un coeficiente intelectual (IQ) de 158, dos puntos por debajo de Albert Einstein, estudiar\u00e1 medicina en la Universidad de Massachusetts.<\/p>\n\n\n\n<p>Michelle, oriunda de Tuxtla Guti\u00e9rrez, capital del estado de Chiapas, es considerada una ni\u00f1a genio, una caracter\u00edstica presente en tres de cada 100 ni\u00f1os, seg\u00fan la Organizaci\u00f3n Mundial de la Salud (OMS), y sue\u00f1a con ser m\u00e9dica, bi\u00f3loga marina y actriz, dice este lunes en declaraciones a Efe.<\/p>\n\n\n\n<p>\u201cMi sue\u00f1o es convertirme en una gran doctora y poder curar el c\u00e1ncer, el autismo, bi\u00f3loga, marina y actriz\u201d, manifiesta.<\/p>\n\n\n\n<p>Cuando Michelle ten\u00eda un a\u00f1o y medio de edad aprendi\u00f3 a hablar ingl\u00e9s adem\u00e1s de espa\u00f1ol, a los 4 a\u00f1os ella ya sab\u00eda leer y escribir, y ahora domina el franc\u00e9s, italiano y alem\u00e1n.<\/p>\n\n\n\n<p>Aprob\u00f3 la primaria, secundaria y recientemente la prueba del Centro Nacional para la Evaluaci\u00f3n de la Educaci\u00f3n Superior (Ceneval) para certificar su preparatoria.<\/p>\n\n\n\n<p>\u201cEstoy feliz porque ya acredit\u00e9, primaria, secundaria, y preparatoria\u201d, expresa Michelle.<\/p>\n\n\n\n<p>La peque\u00f1a empezar\u00e1 sus estudios universitarios en agosto, los dos primeros a\u00f1os ser\u00e1n de clases virtuales y despu\u00e9s ser\u00e1n presenciales en Estados Unidos, detalla Karina Guill\u00e9n Cruz, madre de Michelle.<\/p>\n\n\n\n<p>Michelle tambi\u00e9n se considera artista, dibuja, pinta, toca el piano, y adem\u00e1s ha sido destacada en nataci\u00f3n, baloncesto y es cinta negra en taekwondo, entre otras disciplinas.<\/p>\n\n\n\n<h2 class=\"wp-block-heading\">UN CAMINO DE ESFUERZO<\/h2>\n\n\n\n<p>Guill\u00e9n Cruz, quien es cirujana, relata que encontrar el camino y entender a su hija fue angustioso y frustrante.<\/p>\n\n\n\n<p>Tuvo que consultar a especialistas, busc\u00f3 por internet casos similares, pero encontr\u00f3 poco.<\/p>\n\n\n\n<p>Al mismo tiempo lidi\u00f3 con el sistema, pues su ni\u00f1a fue rechazada de cinco escuelas primarias en Chiapas, pues no quer\u00edan aceptarla por su coeficiente intelectual, con el argumento de que los maestros no pod\u00edan lidiar con su inteligencia.<\/p>\n\n\n\n<p>\u201cTampoco es f\u00e1cil porque t\u00fa vas a una instituci\u00f3n, te topas con los pretextos, es que esto y lo otro, es que la edad. La verdad yo ejerc\u00ed mucha presi\u00f3n&#8221;, expone la madre.<\/p>\n\n\n\n<p>En cuanto una escuela la acept\u00f3, sus padres solicitaron a la Secretar\u00eda de Educaci\u00f3n en Chiapas que la subieran de grado, porque Michelle se aburr\u00eda en las clases, pues en un par de horas aprend\u00eda de todo, a\u00f1adi\u00f3.<\/p>\n\n\n\n<p>La Secretar\u00eda de Educaci\u00f3n accedi\u00f3: de cuarto a\u00f1o Michelle pas\u00f3 a sexto de primaria. Despu\u00e9s, con una evaluaci\u00f3n \u00fanica acredit\u00f3 la primaria en noviembre de 2021, en marzo de 2022 la secundaria, y el 4 de julio la preparatoria.<\/p>\n\n\n\n<p>\u201cDesde que yo supe el diagn\u00f3stico no he soltado a mi hija, estamos caminando paso a paso de acuerdo a como ella lo vaya sintiendo, porque eso s\u00ed: hemos tratado de ser muy cuidadosos con su integridad emocional y f\u00edsica\u201d, comenta.<\/p>\n\n\n\n<p>Michelle y su madre ahora buscan a padres de ni\u00f1os superdotados para orientarlos y formar una red de apoyo porque la peque\u00f1a quiere que todos tengan las oportunidades de aprender.<\/p>\n\n\n\n<p>\u201cQue hablen con los pap\u00e1s para que los maestros sepan de estos ni\u00f1os y los puedan ayudar con clases especiales\u201d, manifiesta la ni\u00f1a.<\/p>\n","protected":false},"excerpt":{"rendered":"<p>Con tan solo 10 a\u00f1os de edad la mexicana Michelle Arellano, una ni\u00f1a del sureste mexicano con un coeficiente intelectual (IQ) de 158, dos puntos por debajo de Albert Einstein, estudiar\u00e1 medicina en la Universidad de Massachusetts. Michelle, oriunda de Tuxtla Guti\u00e9rrez, capital del estado de Chiapas, es considerada una ni\u00f1a genio, una caracter\u00edstica presente [&hellip;]<\/p>\n","protected":false},"author":80,"featured_media":224639,"comment_status":"closed","ping_status":"closed","sticky":false,"template":"","format":"standard","meta":{"footnotes":""},"categories":[15,36,31],"tags":[],"class_list":["post-224624","post","type-post","status-publish","format-standard","has-post-thumbnail","hentry","category-destacadas","category-nacion","category-orbe"],"_links":{"self":[{"href":"https:\/\/plazajuarez.mx\/historico\/wp-json\/wp\/v2\/posts\/224624","targetHints":{"allow":["GET"]}}],"collection":[{"href":"https:\/\/plazajuarez.mx\/historico\/wp-json\/wp\/v2\/posts"}],"about":[{"href":"https:\/\/plazajuarez.mx\/historico\/wp-json\/wp\/v2\/types\/post"}],"author":[{"embeddable":true,"href":"https:\/\/plazajuarez.mx\/historico\/wp-json\/wp\/v2\/users\/80"}],"replies":[{"embeddable":true,"href":"https:\/\/plazajuarez.mx\/historico\/wp-json\/wp\/v2\/comments?post=224624"}],"version-history":[{"count":0,"href":"https:\/\/plazajuarez.mx\/historico\/wp-json\/wp\/v2\/posts\/224624\/revisions"}],"wp:featuredmedia":[{"embeddable":true,"href":"https:\/\/plazajuarez.mx\/historico\/wp-json\/wp\/v2\/media\/224639"}],"wp:attachment":[{"href":"https:\/\/plazajuarez.mx\/historico\/wp-json\/wp\/v2\/media?parent=224624"}],"wp:term":[{"taxonomy":"category","embeddable":true,"href":"https:\/\/plazajuarez.mx\/historico\/wp-json\/wp\/v2\/categories?post=224624"},{"taxonomy":"post_tag","embeddable":true,"href":"https:\/\/plazajuarez.mx\/historico\/wp-json\/wp\/v2\/tags?post=224624"}],"curies":[{"name":"wp","href":"https:\/\/api.w.org\/{rel}","templated":true}]}}