{"id":224619,"date":"2022-08-01T13:26:42","date_gmt":"2022-08-01T18:26:42","guid":{"rendered":"https:\/\/plazajuarez.mx\/?p=224619"},"modified":"2022-08-01T13:26:48","modified_gmt":"2022-08-01T18:26:48","slug":"biden-sigue-con-covid-19-pero-se-encuentra-bien-de-salud","status":"publish","type":"post","link":"https:\/\/plazajuarez.mx\/historico\/biden-sigue-con-covid-19-pero-se-encuentra-bien-de-salud\/","title":{"rendered":"Biden sigue con covid-19 pero se encuentra bien de salud"},"content":{"rendered":"\n<p>El presidente de Estados Unidos, Joe Biden, sigue dando positivo por covid-19 aunque se encuentra bien y est\u00e1 trabajando desde su residencia, inform\u00f3 este lunes su m\u00e9dico, Kevin O&#8217;Connor, en un comunicado distribuido por la Casa Blanca.<\/p>\n\n\n\n<p>Biden hab\u00eda levantado su aislamiento el mi\u00e9rcoles pasado tras dar negativo en varias pruebas, pero el s\u00e1bado volvi\u00f3 a salir positivo y se confin\u00f3 de nuevo.<\/p>\n\n\n\n<p>&#8220;Al iniciar esta semana, el presidente sigue encontr\u00e1ndose bien. A ra\u00edz de su rebote, seguimos haciendo seguimiento de su situaci\u00f3n. Esta ma\u00f1ana, como era de esperar, su prueba de ant\u00edgenos sigue siendo positiva&#8221;, dijo O&#8217;Connor.<\/p>\n\n\n\n<p>El m\u00e9dico del presidente explic\u00f3 que Biden &#8220;permanece en un aislamiento estricto&#8221; y que est\u00e1 atendiendo &#8220;los asuntos del pueblo estadounidense desde su residencia&#8221;.<\/p>\n\n\n\n<p>Adem\u00e1s, afirm\u00f3 que el mandatario es &#8220;plenamente consciente&#8221; de la necesidad de proteger al personal de la Casa Blanca y del Servicio Secreto de un posible contagio.<\/p>\n\n\n\n<p>La Casa Blanca anunci\u00f3 el pasado 21 de julio que el mandatario se hab\u00eda contagiado de la covid-19 y el 27 de julio sali\u00f3 de aislamiento tras dar negativo el d\u00eda anterior en un test.<\/p>\n\n\n\n<p>Sin embargo, tras dar negativo durante cuatro d\u00edas consecutivos, el s\u00e1bado una prueba de ant\u00edgenos mostr\u00f3 que el virus a\u00fan estaba presente en el organismo del mandatario.<\/p>\n\n\n\n<p>O&#8217;Connor ha atribuido el resultado positivo de Biden a los efectos del medicamento antirretrov\u00edrico oral Paxlovid que tom\u00f3 durante cinco d\u00edas para ayudar con los s\u00edntomas de la enfermedad.<\/p>\n\n\n\n<p>Seg\u00fan el doctor, esa pastilla anticovid puede tener un &#8220;efecto rebote&#8221; que es el que est\u00e1 experimentando Biden, de 79 a\u00f1os, y quien recibi\u00f3 las dos dosis de la vacuna y otras dos de refuerzo.<\/p>\n\n\n\n<p>Como el virus todav\u00eda est\u00e1 presente en el cuerpo de Biden, la Casa Blanca ha suspendido dos viajes que ten\u00eda programados para los pr\u00f3ximos d\u00edas, uno a Delaware y otro a M\u00edchigan.<\/p>\n","protected":false},"excerpt":{"rendered":"<p>El presidente de Estados Unidos, Joe Biden, sigue dando positivo por covid-19 aunque se encuentra bien y est\u00e1 trabajando desde su residencia, inform\u00f3 este lunes su m\u00e9dico, Kevin O&#8217;Connor, en un comunicado distribuido por la Casa Blanca. Biden hab\u00eda levantado su aislamiento el mi\u00e9rcoles pasado tras dar negativo en varias pruebas, pero el s\u00e1bado volvi\u00f3 [&hellip;]<\/p>\n","protected":false},"author":80,"featured_media":224622,"comment_status":"closed","ping_status":"closed","sticky":false,"template":"","format":"standard","meta":{"footnotes":""},"categories":[15,31],"tags":[],"class_list":["post-224619","post","type-post","status-publish","format-standard","has-post-thumbnail","hentry","category-destacadas","category-orbe"],"_links":{"self":[{"href":"https:\/\/plazajuarez.mx\/historico\/wp-json\/wp\/v2\/posts\/224619","targetHints":{"allow":["GET"]}}],"collection":[{"href":"https:\/\/plazajuarez.mx\/historico\/wp-json\/wp\/v2\/posts"}],"about":[{"href":"https:\/\/plazajuarez.mx\/historico\/wp-json\/wp\/v2\/types\/post"}],"author":[{"embeddable":true,"href":"https:\/\/plazajuarez.mx\/historico\/wp-json\/wp\/v2\/users\/80"}],"replies":[{"embeddable":true,"href":"https:\/\/plazajuarez.mx\/historico\/wp-json\/wp\/v2\/comments?post=224619"}],"version-history":[{"count":0,"href":"https:\/\/plazajuarez.mx\/historico\/wp-json\/wp\/v2\/posts\/224619\/revisions"}],"wp:featuredmedia":[{"embeddable":true,"href":"https:\/\/plazajuarez.mx\/historico\/wp-json\/wp\/v2\/media\/224622"}],"wp:attachment":[{"href":"https:\/\/plazajuarez.mx\/historico\/wp-json\/wp\/v2\/media?parent=224619"}],"wp:term":[{"taxonomy":"category","embeddable":true,"href":"https:\/\/plazajuarez.mx\/historico\/wp-json\/wp\/v2\/categories?post=224619"},{"taxonomy":"post_tag","embeddable":true,"href":"https:\/\/plazajuarez.mx\/historico\/wp-json\/wp\/v2\/tags?post=224619"}],"curies":[{"name":"wp","href":"https:\/\/api.w.org\/{rel}","templated":true}]}}