{"id":224283,"date":"2022-07-29T08:22:45","date_gmt":"2022-07-29T13:22:45","guid":{"rendered":"https:\/\/plazajuarez.mx\/?p=224283"},"modified":"2022-07-29T08:26:05","modified_gmt":"2022-07-29T13:26:05","slug":"director-de-seguridad-publica-denunciado-por-violencia-de-genero","status":"publish","type":"post","link":"https:\/\/plazajuarez.mx\/historico\/director-de-seguridad-publica-denunciado-por-violencia-de-genero\/","title":{"rendered":"Director de Seguridad P\u00fablica, denunciado por violencia de g\u00e9nero\u00a0"},"content":{"rendered":"\n<p>El director de Seguridad P\u00fablica de Tasquillo, Cristian G\u00f3mez, fue denunciado penalmente por la agresi\u00f3n a una funcionaria que estaba bajo su cargo, la cual fue despedida de forma injustificada, relat\u00f3 ella misma en un video.&nbsp;<\/p>\n\n\n\n<p>Explic\u00f3 que la violencia de la que fue v\u00edctima, no es un tema reciente, es un problema que lleva varios meses, sin embargo, cuando inici\u00f3 la carpeta de investigaci\u00f3n, la alcaldesa, Mar\u00eda Isabel Guerrero, la despidi\u00f3 sin antes tomar en cuenta las acusaciones contra el director.&nbsp;<\/p>\n\n\n\n<p>Tras la denuncia, la autoridad judicial, dict\u00f3 medidas de restricci\u00f3n en contra del funcionario, mientras que ella, tambi\u00e9n ha iniciado el proceso correspondiente por el despido injustificado del cual fue objeto.&nbsp;<\/p>\n\n\n\n<p>Expuso, que el gobierno municipal no tiene la capacidad para atender algunos problemas, en este caso, el de violencia de g\u00e9nero. Expuso que del titular de Seguridad P\u00fablica, recibi\u00f3 insultos, agresiones verbales, acoso laboral, discriminaci\u00f3n, entre otros.&nbsp;<\/p>\n\n\n\n<p>Diario Plaza Ju\u00e1rez, ha solicitado una entrevista con la presidenta municipal para conocer su versi\u00f3n, sin embargo, se le ha negado.<\/p>\n","protected":false},"excerpt":{"rendered":"<p>El director de Seguridad P\u00fablica de Tasquillo, Cristian G\u00f3mez, fue denunciado penalmente por la agresi\u00f3n a una funcionaria que estaba bajo su cargo, la cual fue despedida de forma injustificada, relat\u00f3 ella misma en un video.&nbsp; Explic\u00f3 que la violencia de la que fue v\u00edctima, no es un tema reciente, es un problema que lleva [&hellip;]<\/p>\n","protected":false},"author":75,"featured_media":224285,"comment_status":"closed","ping_status":"closed","sticky":false,"template":"","format":"standard","meta":{"footnotes":""},"categories":[15,2159,40],"tags":[],"class_list":["post-224283","post","type-post","status-publish","format-standard","has-post-thumbnail","hentry","category-destacadas","category-noticias-de-hidalgo","category-region"],"_links":{"self":[{"href":"https:\/\/plazajuarez.mx\/historico\/wp-json\/wp\/v2\/posts\/224283","targetHints":{"allow":["GET"]}}],"collection":[{"href":"https:\/\/plazajuarez.mx\/historico\/wp-json\/wp\/v2\/posts"}],"about":[{"href":"https:\/\/plazajuarez.mx\/historico\/wp-json\/wp\/v2\/types\/post"}],"author":[{"embeddable":true,"href":"https:\/\/plazajuarez.mx\/historico\/wp-json\/wp\/v2\/users\/75"}],"replies":[{"embeddable":true,"href":"https:\/\/plazajuarez.mx\/historico\/wp-json\/wp\/v2\/comments?post=224283"}],"version-history":[{"count":0,"href":"https:\/\/plazajuarez.mx\/historico\/wp-json\/wp\/v2\/posts\/224283\/revisions"}],"wp:featuredmedia":[{"embeddable":true,"href":"https:\/\/plazajuarez.mx\/historico\/wp-json\/wp\/v2\/media\/224285"}],"wp:attachment":[{"href":"https:\/\/plazajuarez.mx\/historico\/wp-json\/wp\/v2\/media?parent=224283"}],"wp:term":[{"taxonomy":"category","embeddable":true,"href":"https:\/\/plazajuarez.mx\/historico\/wp-json\/wp\/v2\/categories?post=224283"},{"taxonomy":"post_tag","embeddable":true,"href":"https:\/\/plazajuarez.mx\/historico\/wp-json\/wp\/v2\/tags?post=224283"}],"curies":[{"name":"wp","href":"https:\/\/api.w.org\/{rel}","templated":true}]}}