{"id":224213,"date":"2022-07-28T14:00:55","date_gmt":"2022-07-28T19:00:55","guid":{"rendered":"https:\/\/plazajuarez.mx\/?p=224213"},"modified":"2022-07-28T14:01:01","modified_gmt":"2022-07-28T19:01:01","slug":"vacunas_pediatricas","status":"publish","type":"post","link":"https:\/\/plazajuarez.mx\/historico\/vacunas_pediatricas\/","title":{"rendered":"Llegan a M\u00e9xico vacunas pedi\u00e1tricas antiCovid donadas por Canad\u00e1"},"content":{"rendered":"\n<p>La ma\u00f1ana de este jueves, arrib\u00f3 al Aeropuerto de Toluca, un cargamento con un donativo de 3 millones de vacunas pedi\u00e1tricas contra Covid-19 por parte de Canad\u00e1, que servir\u00e1n para atender a menores de 12 a 17 a\u00f1os.<\/p>\n\n\n\n<p>En representaci\u00f3n del canciller, Marcelo Ebrard, asisti\u00f3 el jefe de Unidad para Am\u00e9rica del Norte, Roberto Velasco, quien explic\u00f3 que se trata de vacunas Pfizer.<\/p>\n\n\n\n<p>&#8220;Agradecemos este gesto de gran solidaridad con M\u00e9xico, que va a poder permitir continuar con el plan de vacunaci\u00f3n que sigue en marcha para adolescentes y para distintos grupos de edad, que van a ser vacunados con estas dosis de Pfizer&#8221;, puntualiz\u00f3.<\/p>\n\n\n\n<p>Esta donaci\u00f3n, expuso, se deriva tambi\u00e9n de los acuerdos que ha habido a nivel de los l\u00edderes de Am\u00e9rica del Norte, y fue uno de los que se hizo pact\u00f3 en la Cumbre de L\u00edderes de Am\u00e9rica del Norte, y sobre los que conversaron el presidente L\u00f3pez Obrador y el primer ministro Trudeau.<\/p>\n\n\n\n<p>&#8220;Esto ilustra la excelente relaci\u00f3n que hay entre M\u00e9xico y Canad\u00e1, una relaci\u00f3n de cercan\u00eda, una relaci\u00f3n creciente, una relaci\u00f3n que, a pesar de que es m\u00e1s breve que otras relaciones que tenemos ambos pa\u00edses, en el caso de M\u00e9xico; pero que ha ido teniendo un crecimiento exponencial en los \u00faltimos a\u00f1os, un gran acercamiento cultural, una gran simpat\u00eda entre nuestros pueblo&#8221;, puntualiz\u00f3.<\/p>\n\n\n\n<p>El subsecretario, consider\u00f3 adem\u00e1s que la donaci\u00f3n, es &#8220;un bot\u00f3n de muestra&#8221;, se\u00f1al de que la relaci\u00f3n, &#8220;no solo que tenemos en este momento, sino del futuro muy positivo que tenemos M\u00e9xico y Canad\u00e1&#8221;.<\/p>\n\n\n\n<p>Adem\u00e1s de Canad\u00e1, el gobierno mexicano tambi\u00e9n ha recibido vacunas del Gobierno de Estados Unidos, mientras que M\u00e9xico ha donado a su vez vacunas a varios pa\u00edses de Latinoam\u00e9rica y el Caribe.<\/p>\n","protected":false},"excerpt":{"rendered":"<p>La ma\u00f1ana de este jueves, arrib\u00f3 al Aeropuerto de Toluca, un cargamento con un donativo de 3 millones de vacunas pedi\u00e1tricas contra Covid-19 por parte de Canad\u00e1, que servir\u00e1n para atender a menores de 12 a 17 a\u00f1os. En representaci\u00f3n del canciller, Marcelo Ebrard, asisti\u00f3 el jefe de Unidad para Am\u00e9rica del Norte, Roberto Velasco, [&hellip;]<\/p>\n","protected":false},"author":81,"featured_media":224214,"comment_status":"closed","ping_status":"closed","sticky":false,"template":"","format":"standard","meta":{"footnotes":""},"categories":[15,36],"tags":[],"class_list":["post-224213","post","type-post","status-publish","format-standard","has-post-thumbnail","hentry","category-destacadas","category-nacion"],"_links":{"self":[{"href":"https:\/\/plazajuarez.mx\/historico\/wp-json\/wp\/v2\/posts\/224213","targetHints":{"allow":["GET"]}}],"collection":[{"href":"https:\/\/plazajuarez.mx\/historico\/wp-json\/wp\/v2\/posts"}],"about":[{"href":"https:\/\/plazajuarez.mx\/historico\/wp-json\/wp\/v2\/types\/post"}],"author":[{"embeddable":true,"href":"https:\/\/plazajuarez.mx\/historico\/wp-json\/wp\/v2\/users\/81"}],"replies":[{"embeddable":true,"href":"https:\/\/plazajuarez.mx\/historico\/wp-json\/wp\/v2\/comments?post=224213"}],"version-history":[{"count":0,"href":"https:\/\/plazajuarez.mx\/historico\/wp-json\/wp\/v2\/posts\/224213\/revisions"}],"wp:featuredmedia":[{"embeddable":true,"href":"https:\/\/plazajuarez.mx\/historico\/wp-json\/wp\/v2\/media\/224214"}],"wp:attachment":[{"href":"https:\/\/plazajuarez.mx\/historico\/wp-json\/wp\/v2\/media?parent=224213"}],"wp:term":[{"taxonomy":"category","embeddable":true,"href":"https:\/\/plazajuarez.mx\/historico\/wp-json\/wp\/v2\/categories?post=224213"},{"taxonomy":"post_tag","embeddable":true,"href":"https:\/\/plazajuarez.mx\/historico\/wp-json\/wp\/v2\/tags?post=224213"}],"curies":[{"name":"wp","href":"https:\/\/api.w.org\/{rel}","templated":true}]}}