{"id":224137,"date":"2022-07-28T08:44:09","date_gmt":"2022-07-28T13:44:09","guid":{"rendered":"https:\/\/plazajuarez.mx\/?p=224137"},"modified":"2022-07-28T08:44:14","modified_gmt":"2022-07-28T13:44:14","slug":"la-compania","status":"publish","type":"post","link":"https:\/\/plazajuarez.mx\/historico\/la-compania\/","title":{"rendered":"La compa\u00f1\u00eda"},"content":{"rendered":"\n<h2 class=\"wp-block-heading\">Letras y Memorias<\/h2>\n\n\n\n<p>Cuando reci\u00e9n llegu\u00e9 a vivir aqu\u00ed, a la Bella Airosa, sent\u00ed que junto con mis sue\u00f1os cargaba en la maleta todo un pasado que pesaba, que se hab\u00eda acumulado durante a\u00f1os y que de pronto ya resultaba tedioso de llevar sobre la espalda.<\/p>\n\n\n\n<p>Han pasado exactamente nueve a\u00f1os desde ese dia, desde que llegu\u00e9 a Pachuca, y aunque mi simb\u00f3lico pasado se ha visto liviano con el paso de los d\u00edas, el mito de Atlas cargando el mundo a\u00fan podr\u00eda ser una alegor\u00eda para lo que la vida me ha permitido gozar y sufrir y que ahora, llevo a cuestas siempre.<\/p>\n\n\n\n<p>Y no, no es que en mi caso estos a\u00f1os sean una condena, m\u00e1s bien son el periodo en que un mundo nuevo se abri\u00f3 frente a mis ojos y me permiti\u00f3 coleccionar paisajes, rostros, emociones, l\u00e1grimas, fiestas, banquetes y un sinf\u00edn de recuerdos.&nbsp;<\/p>\n\n\n\n<p>Los nueve a\u00f1os ac\u00e1, han tra\u00eddo consigo a mi mejor amigo y una nueva oportunidad de empezar para mi familia; me han brindado la chance de dedicarme a lo que he querido y de crecer como cuando un \u00e1rbol que constantemente es regado, de pronto es un gigante en el camell\u00f3n. Mi estancia en Pachuca me ha permitido ser feliz hasta estallar de risa y tambi\u00e9n me ha dejado rearmarme, reinventarme y poner nuevas piezas en donde las que se rompieron ya no tuvieron cabida.&nbsp;<\/p>\n\n\n\n<p>Y s\u00ed, la compa\u00f1\u00eda de muchas personas de pronto se ha ido por azares del destino pero, se agradece y valora toneladas el que quienes han estado desde el d\u00eda 1, sigan luego de mucho, as\u00ed como se valora y agradece que quienes se han ido sumando a este viaje, acompa\u00f1en el trayecto que, de momento, no sabemos a d\u00f3nde ir\u00e1 a parar, porque nadie tiene la certeza de que ma\u00f1ana sigamos ac\u00e1.<\/p>\n\n\n\n<p>Es pues, este texto, un reconocimiento enorme y un peque\u00f1o homenaje para esta ciudad que me recibi\u00f3 con los airosos brazos abiertos y que brind\u00f3 sus rincones para que cumpliera cada meta planteada y empezara a encaminar los pasos hacia la realizaci\u00f3n de mis sue\u00f1os.&nbsp;<\/p>\n\n\n\n<p>Y aunque a\u00fan faltan muchas cosas por hacer y terrenos que conquistar, ir un pelda\u00f1o a la vez en esta \u201cescalera al Cielo\u201d, ha sido la clave para saber agradecer lo vivido y lo que no fue. Hay rostros con los cu\u00e1les est\u00e1 pendiente un caf\u00e9, sonrisas que no he besado y cuerpos que no nos han abrazado; hay a\u00fan un mundo entero listo para ser explorado y todo, en este punto del universo donde la gente tiene una rara fijaci\u00f3n el prefijo \u201ctuzo\u201d.&nbsp;<\/p>\n\n\n\n<p>No, precisamente hoy no tengo idea de qu\u00e9 pueda venir ma\u00f1ana, pero algo que s\u00ed deseo y cuya certeza me da calma, es saber que ese futuro inmediato, todav\u00eda tiene lugar dentro de esta ciudad, bajo sus luces y r\u00e1fagas de viento, en sus fotos del Reloj y desde su mirador; el ma\u00f1ana a\u00fan se vivir\u00e1 en los bares, cantinas y cafeter\u00edas de ac\u00e1, y espero que con la compa\u00f1\u00eda que hoy tengo y la que a\u00fan viene camino a encontrarnos.&nbsp;<\/p>\n\n\n\n<p><strong>\u00a1Hasta el pr\u00f3ximo jueves!<\/strong><\/p>\n\n\n\n<p><strong>Postdata:<\/strong> <em>No me olvido de nadie que he conocido ac\u00e1, ya sea que me hayan tendido la mano o puesto el pie, porque todo lo que ocurri\u00f3, construy\u00f3 lo que hoy soy.&nbsp;<\/em><\/p>\n\n\n\n<p><strong>Mi Twitter:<\/strong> <em>@CamaradaEslava<\/em><\/p>\n\n\n\n<p><strong>Mi correo electr\u00f3nico:<\/strong> <a href=\"mailto:osmareslava@plazajuarez.mx\/historico\/historico\"><em>osmareslava@plazajuarez.mx\/historico\/historico<\/em><\/a><em>&nbsp;<\/em><\/p>\n","protected":false},"excerpt":{"rendered":"<p>Letras y Memorias Cuando reci\u00e9n llegu\u00e9 a vivir aqu\u00ed, a la Bella Airosa, sent\u00ed que junto con mis sue\u00f1os cargaba en la maleta todo un pasado que pesaba, que se hab\u00eda acumulado durante a\u00f1os y que de pronto ya resultaba tedioso de llevar sobre la espalda. Han pasado exactamente nueve a\u00f1os desde ese dia, desde [&hellip;]<\/p>\n","protected":false},"author":95,"featured_media":208788,"comment_status":"closed","ping_status":"closed","sticky":false,"template":"","format":"standard","meta":{"footnotes":""},"categories":[42,84],"tags":[],"class_list":["post-224137","post","type-post","status-publish","format-standard","has-post-thumbnail","hentry","category-nuestrapalabra","category-osmar-eslava-marquez"],"_links":{"self":[{"href":"https:\/\/plazajuarez.mx\/historico\/wp-json\/wp\/v2\/posts\/224137","targetHints":{"allow":["GET"]}}],"collection":[{"href":"https:\/\/plazajuarez.mx\/historico\/wp-json\/wp\/v2\/posts"}],"about":[{"href":"https:\/\/plazajuarez.mx\/historico\/wp-json\/wp\/v2\/types\/post"}],"author":[{"embeddable":true,"href":"https:\/\/plazajuarez.mx\/historico\/wp-json\/wp\/v2\/users\/95"}],"replies":[{"embeddable":true,"href":"https:\/\/plazajuarez.mx\/historico\/wp-json\/wp\/v2\/comments?post=224137"}],"version-history":[{"count":0,"href":"https:\/\/plazajuarez.mx\/historico\/wp-json\/wp\/v2\/posts\/224137\/revisions"}],"wp:featuredmedia":[{"embeddable":true,"href":"https:\/\/plazajuarez.mx\/historico\/wp-json\/wp\/v2\/media\/208788"}],"wp:attachment":[{"href":"https:\/\/plazajuarez.mx\/historico\/wp-json\/wp\/v2\/media?parent=224137"}],"wp:term":[{"taxonomy":"category","embeddable":true,"href":"https:\/\/plazajuarez.mx\/historico\/wp-json\/wp\/v2\/categories?post=224137"},{"taxonomy":"post_tag","embeddable":true,"href":"https:\/\/plazajuarez.mx\/historico\/wp-json\/wp\/v2\/tags?post=224137"}],"curies":[{"name":"wp","href":"https:\/\/api.w.org\/{rel}","templated":true}]}}