{"id":224077,"date":"2022-07-27T13:57:22","date_gmt":"2022-07-27T18:57:22","guid":{"rendered":"https:\/\/plazajuarez.mx\/?p=224077"},"modified":"2022-07-27T13:57:28","modified_gmt":"2022-07-27T18:57:28","slug":"anette_michel","status":"publish","type":"post","link":"https:\/\/plazajuarez.mx\/historico\/anette_michel\/","title":{"rendered":"Hospitalizan a Anette Michel por gastroenteritis aguda"},"content":{"rendered":"\n<p>Anette Michel, la actriz y conductora, fue hospitalizada de emergencia debido a una gastroenteritis aguda, lo que dej\u00f3 preocupados a algunos de sus fan\u00e1ticos en redes sociales, pero de \u00bfQu\u00e9 trata esta enfermedad?, aqu\u00ed te contamos.<\/p>\n\n\n\n<p>Fue a trav\u00e9s de Instagram que la artista public\u00f3 una fotograf\u00eda donde se observa en la cama de un hospital, por lo que sus seguidores le desearon una pronta recuperaci\u00f3n, as\u00ed como otras personas del mundo del espect\u00e1culo mostraron sus buenos deseos, como fue el caso de Jimena &#8220;La Choco&#8221; P\u00e9rez, quien le escribi\u00f3, &#8220;Que te mejores Anette&#8221;.<\/p>\n\n\n\n<p>&#8212;\u00bfQu\u00e9 es la gastroenteritis aguda?<\/p>\n\n\n\n<p>La cl\u00ednica Universidad de Navarra, un hospital espa\u00f1ol de Pamplona, Espa\u00f1a, se\u00f1ala que la gastroenteritis aguda es una inflamaci\u00f3n del intestino que se desarrolla por un germen o toxina, esto altera la capacidad del \u00f3rgano de regular la absorci\u00f3n y secreci\u00f3n de sales y agua, lo que produce diarrea.<\/p>\n\n\n\n<p>Se trata de un padecimiento que se cura en un periodo corto de tiempo.<\/p>\n\n\n\n<p>\u00bfCu\u00e1les son los s\u00edntomas de la gastroenteritis?<\/p>\n\n\n\n<p>El portal indica que los s\u00edntomas comunes son la diarrea, dolor abdominal y malestar general, sin embargo, la fiebre, escalofr\u00edos y el dolor intenso (abdominal) tambi\u00e9n se pueden presentar.<\/p>\n\n\n\n<p>En el caso del primer s\u00edntoma, se pueden observar en las heces, sangre y\/o moco: El cuadro cl\u00ednico puede durar de 10 a 14 d\u00edas.<\/p>\n\n\n\n<p>\u00bfCu\u00e1les son las causas de la gastroenteritis?<\/p>\n\n\n\n<p>Las infecciones intestinales suelen desarrollarse debido al consumo de alimentos y agua contaminada, adem\u00e1s de la transmisi\u00f3n de humano a humano (fecal-oral).<\/p>\n\n\n\n<p>\u00bfC\u00f3mo se previene?<\/p>\n\n\n\n<p>Debido a que la infecci\u00f3n se da a partir del consumo de alimentos, es necesario cuidar el estado de los productos durante el proceso de preparaci\u00f3n y conservaci\u00f3n como la carne y las verduras.<\/p>\n\n\n\n<p>Evitar tomar agua de r\u00edos o fuentes.<\/p>\n","protected":false},"excerpt":{"rendered":"<p>Anette Michel, la actriz y conductora, fue hospitalizada de emergencia debido a una gastroenteritis aguda, lo que dej\u00f3 preocupados a algunos de sus fan\u00e1ticos en redes sociales, pero de \u00bfQu\u00e9 trata esta enfermedad?, aqu\u00ed te contamos. Fue a trav\u00e9s de Instagram que la artista public\u00f3 una fotograf\u00eda donde se observa en la cama de un [&hellip;]<\/p>\n","protected":false},"author":81,"featured_media":224078,"comment_status":"closed","ping_status":"closed","sticky":false,"template":"","format":"standard","meta":{"footnotes":""},"categories":[38],"tags":[],"class_list":["post-224077","post","type-post","status-publish","format-standard","has-post-thumbnail","hentry","category-show"],"_links":{"self":[{"href":"https:\/\/plazajuarez.mx\/historico\/wp-json\/wp\/v2\/posts\/224077","targetHints":{"allow":["GET"]}}],"collection":[{"href":"https:\/\/plazajuarez.mx\/historico\/wp-json\/wp\/v2\/posts"}],"about":[{"href":"https:\/\/plazajuarez.mx\/historico\/wp-json\/wp\/v2\/types\/post"}],"author":[{"embeddable":true,"href":"https:\/\/plazajuarez.mx\/historico\/wp-json\/wp\/v2\/users\/81"}],"replies":[{"embeddable":true,"href":"https:\/\/plazajuarez.mx\/historico\/wp-json\/wp\/v2\/comments?post=224077"}],"version-history":[{"count":0,"href":"https:\/\/plazajuarez.mx\/historico\/wp-json\/wp\/v2\/posts\/224077\/revisions"}],"wp:featuredmedia":[{"embeddable":true,"href":"https:\/\/plazajuarez.mx\/historico\/wp-json\/wp\/v2\/media\/224078"}],"wp:attachment":[{"href":"https:\/\/plazajuarez.mx\/historico\/wp-json\/wp\/v2\/media?parent=224077"}],"wp:term":[{"taxonomy":"category","embeddable":true,"href":"https:\/\/plazajuarez.mx\/historico\/wp-json\/wp\/v2\/categories?post=224077"},{"taxonomy":"post_tag","embeddable":true,"href":"https:\/\/plazajuarez.mx\/historico\/wp-json\/wp\/v2\/tags?post=224077"}],"curies":[{"name":"wp","href":"https:\/\/api.w.org\/{rel}","templated":true}]}}