{"id":224074,"date":"2022-07-27T13:49:12","date_gmt":"2022-07-27T18:49:12","guid":{"rendered":"https:\/\/plazajuarez.mx\/?p=224074"},"modified":"2022-07-27T13:49:17","modified_gmt":"2022-07-27T18:49:17","slug":"patrullas_balizamiento","status":"publish","type":"post","link":"https:\/\/plazajuarez.mx\/historico\/patrullas_balizamiento\/","title":{"rendered":"Sheinbaum defender\u00e1 balizamiento de patrullas"},"content":{"rendered":"\n<p>Luego que la Suprema Corte de Justicia de la Naci\u00f3n (SCJN) suspendi\u00f3 en la alcald\u00eda Cuauht\u00e9moc el Acuerdo 64\/2021 sobre el balizamiento de veh\u00edculos oficiales y de polic\u00eda de proximidad, la jefa de Gobierno, Claudia Sheinbaum, dijo que a\u00fan sigue la discusi\u00f3n de fondo y que van a defenderla ya que no puede haber cambio de los colores de las patrullas.<\/p>\n\n\n\n<p>&#8220;Es una suspensi\u00f3n, todav\u00eda est\u00e1 la discusi\u00f3n de fondo en la Suprema Corte y la vamos a defender y como dije ayer, ni para qu\u00e9 entrar en pol\u00e9mica con esta mujer, (Sandra Cuevas)&#8221;, dijo en conferencia de prensa al anunciar la compra de seis trenes para el Tren Ligero.<\/p>\n\n\n\n<p>La mandataria capitalina record\u00f3 que hay mando \u00fanico en la capital que est\u00e1 a cargo de la Secretar\u00eda de Seguridad Ciudadana (SSC) por lo que debe haber coordinaci\u00f3n con las alcald\u00edas mediante la polic\u00eda auxiliar.<\/p>\n\n\n\n<p>&#8220;Por eso nuestra insistencia, en efecto pueden poner un balizamiento, pero no el cambio completo de los colores de las patrullas&#8221;, reiter\u00f3.<\/p>\n\n\n\n<p>Agreg\u00f3: &#8220;Nosotros estamos de acuerdo con la ley que propusimos y lo vamos a seguir defendiendo en la Suprema Corte porque es una sola polic\u00eda, a diferencia de los estados de la Rep\u00fablica los municipios tienen su propias polic\u00edas en este caso lo que hacen las alcald\u00edas es rentar o adquirir durante un tiempo el servicio ya sea de la polic\u00eda auxiliar o de la polic\u00eda bancaria industrial, ellos tienen un responsable que los coordina, pero esa polic\u00eda dependen de la Secretar\u00eda de Seguridad Ciudadana&#8221;.<\/p>\n\n\n\n<p>Cabe mencionar que la alcaldesa de Cuauht\u00e9moc, Sandra Cuevas, present\u00f3 una controversia constitucional en contra del Acuerdo 64\/2021, emitido por el secretario de Seguridad Ciudadana, Omar Garc\u00eda Harfuch, en el que se fija especificaciones para el balizamiento de veh\u00edculos oficiales y de la polic\u00eda de proximidad con funciones de seguridad de diversas dependencias, incluidas las alcald\u00edas.<\/p>\n\n\n\n<p>En ese sentido, la SCJN acept\u00f3 la controversia y otorg\u00f3 suspensi\u00f3n en contra de dicho acuerdo a la alcald\u00eda, pero el gobierno capitalino present\u00f3 un recurso de reclamaci\u00f3n en contra al considerar que se trata de una norma general, pero el \u00f3rgano desestim\u00f3 las manifestaciones por lo que mantuvo la suspensi\u00f3n.<\/p>\n","protected":false},"excerpt":{"rendered":"<p>Luego que la Suprema Corte de Justicia de la Naci\u00f3n (SCJN) suspendi\u00f3 en la alcald\u00eda Cuauht\u00e9moc el Acuerdo 64\/2021 sobre el balizamiento de veh\u00edculos oficiales y de polic\u00eda de proximidad, la jefa de Gobierno, Claudia Sheinbaum, dijo que a\u00fan sigue la discusi\u00f3n de fondo y que van a defenderla ya que no puede haber cambio [&hellip;]<\/p>\n","protected":false},"author":81,"featured_media":224075,"comment_status":"closed","ping_status":"closed","sticky":false,"template":"","format":"standard","meta":{"footnotes":""},"categories":[2160],"tags":[],"class_list":["post-224074","post","type-post","status-publish","format-standard","has-post-thumbnail","hentry","category-noticias-de-la-ciudad-de-mexico"],"_links":{"self":[{"href":"https:\/\/plazajuarez.mx\/historico\/wp-json\/wp\/v2\/posts\/224074","targetHints":{"allow":["GET"]}}],"collection":[{"href":"https:\/\/plazajuarez.mx\/historico\/wp-json\/wp\/v2\/posts"}],"about":[{"href":"https:\/\/plazajuarez.mx\/historico\/wp-json\/wp\/v2\/types\/post"}],"author":[{"embeddable":true,"href":"https:\/\/plazajuarez.mx\/historico\/wp-json\/wp\/v2\/users\/81"}],"replies":[{"embeddable":true,"href":"https:\/\/plazajuarez.mx\/historico\/wp-json\/wp\/v2\/comments?post=224074"}],"version-history":[{"count":0,"href":"https:\/\/plazajuarez.mx\/historico\/wp-json\/wp\/v2\/posts\/224074\/revisions"}],"wp:featuredmedia":[{"embeddable":true,"href":"https:\/\/plazajuarez.mx\/historico\/wp-json\/wp\/v2\/media\/224075"}],"wp:attachment":[{"href":"https:\/\/plazajuarez.mx\/historico\/wp-json\/wp\/v2\/media?parent=224074"}],"wp:term":[{"taxonomy":"category","embeddable":true,"href":"https:\/\/plazajuarez.mx\/historico\/wp-json\/wp\/v2\/categories?post=224074"},{"taxonomy":"post_tag","embeddable":true,"href":"https:\/\/plazajuarez.mx\/historico\/wp-json\/wp\/v2\/tags?post=224074"}],"curies":[{"name":"wp","href":"https:\/\/api.w.org\/{rel}","templated":true}]}}