{"id":223925,"date":"2022-07-26T13:22:01","date_gmt":"2022-07-26T18:22:01","guid":{"rendered":"https:\/\/plazajuarez.mx\/?p=223925"},"modified":"2022-07-26T13:22:08","modified_gmt":"2022-07-26T18:22:08","slug":"anitta_","status":"publish","type":"post","link":"https:\/\/plazajuarez.mx\/historico\/anitta_\/","title":{"rendered":"Anitta habla tras someterse a operaci\u00f3n por endometriosis"},"content":{"rendered":"\n<p>La cantante Anitta utiliz\u00f3 sus redes sociales para contar, desde el hospital donde se encuentra internada, los detalles de la operaci\u00f3n a la que fue sometida luego de que le detectaran endometriosis.<\/p>\n\n\n\n<p>Esta enfermedad sucede cuando el tejido que normalmente cubre el \u00fatero crece fuera de \u00e9l, provocando intensos dolores en la zona p\u00e9lvica de las mujeres.<\/p>\n\n\n\n<p>&#8220;Les cuento esta experiencia deseando que todas las mujeres del mundo tengan m\u00e1s acceso al diagn\u00f3stico y comprensi\u00f3n de esta enfermedad que afecta a tantas personas pero que, a la vez, es tan poco hablada&#8221;, escribi\u00f3 la brasile\u00f1a en su cuenta de Instagram con unas fotograf\u00edas en las que a\u00fan est\u00e1 en cama, pero se ve recuperada.<\/p>\n\n\n\n<p>Aunque esta condici\u00f3n es m\u00e1s com\u00fan en mujeres de entre 30 y 40 a\u00f1os, la int\u00e9rprete de &#8220;Envolver&#8221; la present\u00f3 antes de esa edad. En marzo pasado cumpli\u00f3 29.<\/p>\n\n\n\n<p>En las fotograf\u00edas que hizo p\u00fablicas se puede ver al equipo m\u00e9dico que la atendi\u00f3 y a su pareja el productor Murda Beatz, quien est\u00e1 junto a ella en el proceso de recuperaci\u00f3n.<\/p>\n\n\n\n<p>La reggaetonera festej\u00f3 estar libre de lo que consider\u00f3 la etapa m\u00e1s dif\u00edcil, que fue el diagn\u00f3stico y la cirug\u00eda.<\/p>\n\n\n\n<p>El siguiente paso ser\u00e1 seguir cuid\u00e1ndose en casa, una cirug\u00eda por endometriosis requiere de una a 3 semanas de reposo sin nadar, caminar o hacer deporte para que los puntos internos cicatricen. Adem\u00e1s de una alimentaci\u00f3n cuidada que ayude a la recuperaci\u00f3n.<\/p>\n\n\n\n<p>Anitta hizo hincapi\u00e9 en su inter\u00e9s por hacer que esta enfermedad sea visible, pues en muchos casos no provoca s\u00edntomas por lo que es invisible y sus consecuencias pueden causar infertilidad.<\/p>\n\n\n\n<p>&#8220;Estoy de vuelta con todo luchando porque todas las mujeres tengan acceso a todo lo que requiere esta pel\u00edcula de terror que es endometriosis y que principalmente sean tratadas con la seriedad y el respeto que esta enfermedad requiere&#8221;.<\/p>\n","protected":false},"excerpt":{"rendered":"<p>La cantante Anitta utiliz\u00f3 sus redes sociales para contar, desde el hospital donde se encuentra internada, los detalles de la operaci\u00f3n a la que fue sometida luego de que le detectaran endometriosis. Esta enfermedad sucede cuando el tejido que normalmente cubre el \u00fatero crece fuera de \u00e9l, provocando intensos dolores en la zona p\u00e9lvica de [&hellip;]<\/p>\n","protected":false},"author":81,"featured_media":223926,"comment_status":"closed","ping_status":"closed","sticky":false,"template":"","format":"standard","meta":{"footnotes":""},"categories":[38],"tags":[],"class_list":["post-223925","post","type-post","status-publish","format-standard","has-post-thumbnail","hentry","category-show"],"_links":{"self":[{"href":"https:\/\/plazajuarez.mx\/historico\/wp-json\/wp\/v2\/posts\/223925","targetHints":{"allow":["GET"]}}],"collection":[{"href":"https:\/\/plazajuarez.mx\/historico\/wp-json\/wp\/v2\/posts"}],"about":[{"href":"https:\/\/plazajuarez.mx\/historico\/wp-json\/wp\/v2\/types\/post"}],"author":[{"embeddable":true,"href":"https:\/\/plazajuarez.mx\/historico\/wp-json\/wp\/v2\/users\/81"}],"replies":[{"embeddable":true,"href":"https:\/\/plazajuarez.mx\/historico\/wp-json\/wp\/v2\/comments?post=223925"}],"version-history":[{"count":0,"href":"https:\/\/plazajuarez.mx\/historico\/wp-json\/wp\/v2\/posts\/223925\/revisions"}],"wp:featuredmedia":[{"embeddable":true,"href":"https:\/\/plazajuarez.mx\/historico\/wp-json\/wp\/v2\/media\/223926"}],"wp:attachment":[{"href":"https:\/\/plazajuarez.mx\/historico\/wp-json\/wp\/v2\/media?parent=223925"}],"wp:term":[{"taxonomy":"category","embeddable":true,"href":"https:\/\/plazajuarez.mx\/historico\/wp-json\/wp\/v2\/categories?post=223925"},{"taxonomy":"post_tag","embeddable":true,"href":"https:\/\/plazajuarez.mx\/historico\/wp-json\/wp\/v2\/tags?post=223925"}],"curies":[{"name":"wp","href":"https:\/\/api.w.org\/{rel}","templated":true}]}}