{"id":223913,"date":"2022-07-26T12:35:38","date_gmt":"2022-07-26T17:35:38","guid":{"rendered":"https:\/\/plazajuarez.mx\/?p=223913"},"modified":"2022-07-26T12:35:43","modified_gmt":"2022-07-26T17:35:43","slug":"inicia-en-san-lazaro-parlamento-abierto-de-la-reforma-electoral","status":"publish","type":"post","link":"https:\/\/plazajuarez.mx\/historico\/inicia-en-san-lazaro-parlamento-abierto-de-la-reforma-electoral\/","title":{"rendered":"Inicia en San L\u00e1zaro parlamento abierto de la reforma electoral"},"content":{"rendered":"\n<p>Al interior de la C\u00e1mara de Diputados se inaugur\u00f3 el parlamento abierto de la reforma electoral, en el que, hasta el pr\u00f3ximo 25 de agosto, se desarrollar\u00e1n 23 foros para debatir 49 iniciativas en la materia, incluida la del presidente Andr\u00e9s Manuel L\u00f3pez Obrador.<br><br>Durante el inicio del ejercicio, en el que est\u00e1n presentes seis de siete grupos parlamentarios, s\u00f3lo con la ausencia del PRD, el presidente de la Junta de Coordinaci\u00f3n Pol\u00edtica (Jucopo), Rub\u00e9n Moreira, celebr\u00f3 que pese a los diferendos, la mayor\u00eda de la oposici\u00f3n determin\u00f3 &#8220;escuchar&#8221;.<br><br>&#8220;Me felicito porque hemos llegado a un acuerdo de escucharlos, el parlamento es para parlar, para hablar, y solo se logra ese cometido si se escucha con respecto, y para ello hay que estar ac\u00e1. El parlamento tambi\u00e9n ejerce un m\u00e9todo dial\u00e9ctico, lo que quiere decir que alguien propone y alguien presenta una contra propuesta, y de eso esperar\u00edamos una s\u00edntesis que sea lo mejor para el pa\u00eds&#8221;, puntualiz\u00f3.<br><br>El tambi\u00e9n coordinador del PRI en el recinto legislativo de San L\u00e1zaro, aclar\u00f3 que el parlamento est\u00e1 destinado a revisar todas las iniciativas que est\u00e1n ingresadas en esta C\u00e1mara, m\u00e1s aquellas ideas que los legisladores presenten.<br><br>&#8220;Formar\u00e1 parte de la tarea pol\u00edtica de los grupos parlamentarios, decidir en qu\u00e9 se puede transitar para tener una mejor ley. Algunos de nosotros hemos manifestados nuestra postura en puntos particulares, y eso estar\u00e1 siempre pendiente en nuestras dirigencias de la responsabilidad que tenemos, pero tambi\u00e9n nuestras dirigencias entienden que ac\u00e1 tenemos un di\u00e1logo profundo en este y muchos otros temas que le sirvan a M\u00e9xico&#8221;, concluy\u00f3.<br><br>Tras el acto inaugural se dio paso al foro 1, denominado Integraci\u00f3n de ayuntamientos municipales y alcald\u00edas de la Ciudad de M\u00e9xico, con la participaci\u00f3n de Carolina del \u00c1ngel Cruz, Consejera del IECDMX; Juan Carlos Silva Adaya, exmagistrado electoral de la sala regional Toluca; Jaime Miquel Casta\u00f1eda Salas, actual coordinador de asesores de Morena ante el consejo general del INE; y Carmen Medel Palma, presidenta Municipal de Minatitl\u00e1n por Morena.<\/p>\n","protected":false},"excerpt":{"rendered":"<p>Al interior de la C\u00e1mara de Diputados se inaugur\u00f3 el parlamento abierto de la reforma electoral, en el que, hasta el pr\u00f3ximo 25 de agosto, se desarrollar\u00e1n 23 foros para debatir 49 iniciativas en la materia, incluida la del presidente Andr\u00e9s Manuel L\u00f3pez Obrador. Durante el inicio del ejercicio, en el que est\u00e1n presentes seis [&hellip;]<\/p>\n","protected":false},"author":81,"featured_media":223916,"comment_status":"closed","ping_status":"closed","sticky":false,"template":"","format":"standard","meta":{"footnotes":""},"categories":[15,36],"tags":[],"class_list":["post-223913","post","type-post","status-publish","format-standard","has-post-thumbnail","hentry","category-destacadas","category-nacion"],"_links":{"self":[{"href":"https:\/\/plazajuarez.mx\/historico\/wp-json\/wp\/v2\/posts\/223913","targetHints":{"allow":["GET"]}}],"collection":[{"href":"https:\/\/plazajuarez.mx\/historico\/wp-json\/wp\/v2\/posts"}],"about":[{"href":"https:\/\/plazajuarez.mx\/historico\/wp-json\/wp\/v2\/types\/post"}],"author":[{"embeddable":true,"href":"https:\/\/plazajuarez.mx\/historico\/wp-json\/wp\/v2\/users\/81"}],"replies":[{"embeddable":true,"href":"https:\/\/plazajuarez.mx\/historico\/wp-json\/wp\/v2\/comments?post=223913"}],"version-history":[{"count":0,"href":"https:\/\/plazajuarez.mx\/historico\/wp-json\/wp\/v2\/posts\/223913\/revisions"}],"wp:featuredmedia":[{"embeddable":true,"href":"https:\/\/plazajuarez.mx\/historico\/wp-json\/wp\/v2\/media\/223916"}],"wp:attachment":[{"href":"https:\/\/plazajuarez.mx\/historico\/wp-json\/wp\/v2\/media?parent=223913"}],"wp:term":[{"taxonomy":"category","embeddable":true,"href":"https:\/\/plazajuarez.mx\/historico\/wp-json\/wp\/v2\/categories?post=223913"},{"taxonomy":"post_tag","embeddable":true,"href":"https:\/\/plazajuarez.mx\/historico\/wp-json\/wp\/v2\/tags?post=223913"}],"curies":[{"name":"wp","href":"https:\/\/api.w.org\/{rel}","templated":true}]}}