{"id":223904,"date":"2022-07-26T10:29:00","date_gmt":"2022-07-26T15:29:00","guid":{"rendered":"https:\/\/plazajuarez.mx\/?p=223904"},"modified":"2022-07-26T12:34:03","modified_gmt":"2022-07-26T17:34:03","slug":"marvel-anuncia-sus-fases-5-y-6","status":"publish","type":"post","link":"https:\/\/plazajuarez.mx\/historico\/marvel-anuncia-sus-fases-5-y-6\/","title":{"rendered":"Marvel anuncia sus &#8220;Fases 5 y 6&#8221;"},"content":{"rendered":"\n<p>La todopoderosa franquicia Marvel anunci\u00f3 este viernes durante la Comic-Con de San Diego (EE.UU.) la llegada de dos nuevas etapas en su universo cinematogr\u00e1fico, la &#8220;Fase 5&#8221;, que contar\u00e1 con 12 nuevas ficciones entre series y pel\u00edculas, y la &#8220;Fase 6&#8221;, que concluir\u00e1 en 2025.<\/p>\n\n\n\n<p>Antes, la serie &#8220;She Hulk&#8221; y la pel\u00edcula &#8220;Black Panther: Wakanda Forever&#8221; cerrar\u00e1n este oto\u00f1o la actual &#8220;Fase 4&#8221; de Marvel, que durante dos a\u00f1os ha contado con \u00e9xitos descomunales como la \u00faltima pel\u00edcula de &#8220;Spider-Man&#8221; o la aclamada &#8220;WandaVision&#8221;.<\/p>\n\n\n\n<p>El 17 de febrero de 2023, &#8220;Ant-Man and the Wasp: Quantumania&#8221; arrancar\u00e1 con su estreno el nuevo ciclo de la factor\u00eda de superh\u00e9roes.<\/p>\n\n\n\n<p>Luego, en primavera, seguir\u00e1 &#8220;Secret Invasion&#8221;, cuyo tr\u00e1iler con el carism\u00e1tico Samuel L. Jackson se dio a conocer ayer; y m\u00e1s adelante, en verano, ser\u00e1 el turno de &#8220;Guardians of The Galaxy 3&#8221;, &#8220;Echo&#8221; y la esperada &#8220;The Marvels&#8221;.<\/p>\n\n\n\n<p>En el Centro de Convenciones de San Diego, donde esta semana se celebra la feria m\u00e1s importante de la industria del entretenimiento, la expectaci\u00f3n por conocer el futuro de la marca m\u00e1s rentable del cine era m\u00e1xima.<\/p>\n\n\n\n<p>Miles de fan\u00e1ticos hicieron cola bajo el sol de California hasta bien entrada la tarde (algunos durante la madrugada) para hacerse con uno de los asientos en el Hall H, donde se organizan las presentaciones m\u00e1s importantes de la Comic-Con.<\/p>\n\n\n\n<p>&#8220;He venido desde Nueva York, siempre he querido ir a una Comic-Con y ahora que mis hijos son mayores puedo hacerlo sin preocuparme&#8221;, comentaba en la entrada a Efe una asistente, Sarah, disfrazada de Capitana Marvel.<\/p>\n\n\n\n<p>Escuchar de cerca a los protagonistas de las pel\u00edculas, reunirse con otros fan\u00e1ticos y ser los primeros en ver los tr\u00e1ilers de los pr\u00f3ximos lanzamientos es el objetivo de los miles de fans -m\u00e1s de 10,000 seg\u00fan la organizaci\u00f3n- que durante esta semana se han reunido en San Diego.<\/p>\n\n\n\n<p><strong>SEIS PEL\u00cdCULAS Y SEIS SERIES DE TELEVISI\u00d3N<\/strong><\/p>\n\n\n\n<p>En total, la &#8220;Fase 5&#8221; de Marvel contar\u00e1 con seis pel\u00edculas y seis series de televisi\u00f3n.<\/p>\n\n\n\n<p>Por la gran pantalla pasar\u00e1n &#8220;Ant-Man And The Wasp: Quantumania (2023)&#8221;, &#8220;Guardians Of The Galaxy Vol. 3&#8221; (2023), &#8220;The Marvels&#8221; (2023), &#8220;Blade&#8221; (2023), &#8220;Captain America: New World Order&#8221; (2024) y &#8220;Thunderbolts&#8221; (2024), esta \u00faltima sobre un desconocido grupo de villanos que pretenden pasar por superh\u00e9roes.<\/p>\n\n\n\n<p>Durante las esperas entre lanzamientos, los apasionados podr\u00e1n seguir disfrutando de la saga en la plataforma Disney+, que estrenar\u00e1 media docena de ficciones: &#8220;Secret Invasion&#8221;, &#8220;Echo&#8221;, la segunda temporada de &#8220;Loki&#8221;, &#8220;Ironheart&#8221;, &#8220;Agatha&#8221; y &#8220;Daredevil: Born Again&#8221;.<\/p>\n","protected":false},"excerpt":{"rendered":"<p>La todopoderosa franquicia Marvel anunci\u00f3 este viernes durante la Comic-Con de San Diego (EE.UU.) la llegada de dos nuevas etapas en su universo cinematogr\u00e1fico, la &#8220;Fase 5&#8221;, que contar\u00e1 con 12 nuevas ficciones entre series y pel\u00edculas, y la &#8220;Fase 6&#8221;, que concluir\u00e1 en 2025. Antes, la serie &#8220;She Hulk&#8221; y la pel\u00edcula &#8220;Black Panther: [&hellip;]<\/p>\n","protected":false},"author":80,"featured_media":223907,"comment_status":"closed","ping_status":"closed","sticky":false,"template":"","format":"standard","meta":{"footnotes":""},"categories":[38],"tags":[],"class_list":["post-223904","post","type-post","status-publish","format-standard","has-post-thumbnail","hentry","category-show"],"_links":{"self":[{"href":"https:\/\/plazajuarez.mx\/historico\/wp-json\/wp\/v2\/posts\/223904","targetHints":{"allow":["GET"]}}],"collection":[{"href":"https:\/\/plazajuarez.mx\/historico\/wp-json\/wp\/v2\/posts"}],"about":[{"href":"https:\/\/plazajuarez.mx\/historico\/wp-json\/wp\/v2\/types\/post"}],"author":[{"embeddable":true,"href":"https:\/\/plazajuarez.mx\/historico\/wp-json\/wp\/v2\/users\/80"}],"replies":[{"embeddable":true,"href":"https:\/\/plazajuarez.mx\/historico\/wp-json\/wp\/v2\/comments?post=223904"}],"version-history":[{"count":0,"href":"https:\/\/plazajuarez.mx\/historico\/wp-json\/wp\/v2\/posts\/223904\/revisions"}],"wp:featuredmedia":[{"embeddable":true,"href":"https:\/\/plazajuarez.mx\/historico\/wp-json\/wp\/v2\/media\/223907"}],"wp:attachment":[{"href":"https:\/\/plazajuarez.mx\/historico\/wp-json\/wp\/v2\/media?parent=223904"}],"wp:term":[{"taxonomy":"category","embeddable":true,"href":"https:\/\/plazajuarez.mx\/historico\/wp-json\/wp\/v2\/categories?post=223904"},{"taxonomy":"post_tag","embeddable":true,"href":"https:\/\/plazajuarez.mx\/historico\/wp-json\/wp\/v2\/tags?post=223904"}],"curies":[{"name":"wp","href":"https:\/\/api.w.org\/{rel}","templated":true}]}}