{"id":223903,"date":"2022-07-26T10:28:00","date_gmt":"2022-07-26T15:28:00","guid":{"rendered":"https:\/\/plazajuarez.mx\/?p=223903"},"modified":"2022-07-26T12:34:17","modified_gmt":"2022-07-26T17:34:17","slug":"paul-sorvino-famoso-actor-murio-a-los-83-anos","status":"publish","type":"post","link":"https:\/\/plazajuarez.mx\/historico\/paul-sorvino-famoso-actor-murio-a-los-83-anos\/","title":{"rendered":"Paul Sorvino, famoso actor, muri\u00f3 a los 83 a\u00f1os"},"content":{"rendered":"\n<p>El actor estadunidense Paul Sorvino, estrella de la pel\u00edcula ganadora del \u00d3scar, &#8220;Buenos muchachos&#8221; (&#8220;Goodfellas&#8221;), y del drama televisivo, &#8220;La ley y el orden&#8221; (&#8220;Law &amp; Order&#8221;), falleci\u00f3 este lunes a los 83 a\u00f1os de edad.<\/p>\n\n\n\n<p>La noticia la dio a conocer su hija, Mira Sorvino, a trav\u00e9s de una publicaci\u00f3n en su cuenta de Twitter, en el que expres\u00f3 todo el amor que le tiene a su padre, originario de Nueva York.<\/p>\n\n\n\n<p>&#8220;Mi coraz\u00f3n se desgarra, una vida de amor, alegr\u00eda y sabidur\u00eda con \u00e9l ha terminado. \u00c9l fue el m\u00e1s maravilloso padre, lo amo demasiado. Te env\u00edo amor en las estrellas mientras asciendes&#8221;, escribi\u00f3 la ganadora del premio de la Academia.<\/p>\n","protected":false},"excerpt":{"rendered":"<p>El actor estadunidense Paul Sorvino, estrella de la pel\u00edcula ganadora del \u00d3scar, &#8220;Buenos muchachos&#8221; (&#8220;Goodfellas&#8221;), y del drama televisivo, &#8220;La ley y el orden&#8221; (&#8220;Law &amp; Order&#8221;), falleci\u00f3 este lunes a los 83 a\u00f1os de edad. La noticia la dio a conocer su hija, Mira Sorvino, a trav\u00e9s de una publicaci\u00f3n en su cuenta de [&hellip;]<\/p>\n","protected":false},"author":81,"featured_media":223905,"comment_status":"closed","ping_status":"closed","sticky":false,"template":"","format":"standard","meta":{"footnotes":""},"categories":[38],"tags":[],"class_list":["post-223903","post","type-post","status-publish","format-standard","has-post-thumbnail","hentry","category-show"],"_links":{"self":[{"href":"https:\/\/plazajuarez.mx\/historico\/wp-json\/wp\/v2\/posts\/223903","targetHints":{"allow":["GET"]}}],"collection":[{"href":"https:\/\/plazajuarez.mx\/historico\/wp-json\/wp\/v2\/posts"}],"about":[{"href":"https:\/\/plazajuarez.mx\/historico\/wp-json\/wp\/v2\/types\/post"}],"author":[{"embeddable":true,"href":"https:\/\/plazajuarez.mx\/historico\/wp-json\/wp\/v2\/users\/81"}],"replies":[{"embeddable":true,"href":"https:\/\/plazajuarez.mx\/historico\/wp-json\/wp\/v2\/comments?post=223903"}],"version-history":[{"count":0,"href":"https:\/\/plazajuarez.mx\/historico\/wp-json\/wp\/v2\/posts\/223903\/revisions"}],"wp:featuredmedia":[{"embeddable":true,"href":"https:\/\/plazajuarez.mx\/historico\/wp-json\/wp\/v2\/media\/223905"}],"wp:attachment":[{"href":"https:\/\/plazajuarez.mx\/historico\/wp-json\/wp\/v2\/media?parent=223903"}],"wp:term":[{"taxonomy":"category","embeddable":true,"href":"https:\/\/plazajuarez.mx\/historico\/wp-json\/wp\/v2\/categories?post=223903"},{"taxonomy":"post_tag","embeddable":true,"href":"https:\/\/plazajuarez.mx\/historico\/wp-json\/wp\/v2\/tags?post=223903"}],"curies":[{"name":"wp","href":"https:\/\/api.w.org\/{rel}","templated":true}]}}