{"id":223897,"date":"2022-07-26T11:22:46","date_gmt":"2022-07-26T16:22:46","guid":{"rendered":"https:\/\/plazajuarez.mx\/?p=223897"},"modified":"2022-07-26T11:22:51","modified_gmt":"2022-07-26T16:22:51","slug":"tricolor-no-tiene-preocupacion-en-la-porteria-para-qatar-2022-rios","status":"publish","type":"post","link":"https:\/\/plazajuarez.mx\/historico\/tricolor-no-tiene-preocupacion-en-la-porteria-para-qatar-2022-rios\/","title":{"rendered":"Tricolor no tiene preocupaci\u00f3n en la porter\u00eda para Qatar 2022: R\u00edos"},"content":{"rendered":"\n<p>De los titulares que lanzar\u00e1 Gerardo Martino para su debut en la Copa del Mundo Qatar 2022, ante Polonia, hay un nombre que tiene su lugar asegurado: Guillermo Ochoa. El arco de la Selecci\u00f3n Mexicana parece tener un guardi\u00e1n definido con Memo y Adolfo R\u00edos, hist\u00f3rico exportero mexicano, tambi\u00e9n lo ve as\u00ed.<\/p>\n\n\n\n<p>&#8220;El tema de Memo es que es el arquero que ha trabajado con esa personalidad, esa calidad y esa experiencia que Mundiales anteriores le han dado. La tranquilidad que se tiene es que la experiencia en la porter\u00eda nacional sea Memo, porque seguramente ser\u00e1 el&#8221;, dijo, en charla.<\/p>\n\n\n\n<p>Sin embargo, si por alguna extra\u00f1a raz\u00f3n no es Ochoa el meta titular en Qatar 2022, el tambi\u00e9n expresidente deportivo del Quer\u00e9taro considera que la porter\u00eda de la Selecci\u00f3n Mexicana seguir\u00eda bien resguardada.<\/p>\n\n\n\n<p>&#8220;Estamos en un tema donde hay una tranquilidad de saber que hay arqueros que est\u00e1n peleando esa posibilidad. Adem\u00e1s de Ochoa, tambi\u00e9n hay gente con gran experiencia, como el caso de [Alfredo] Talavera, [Rodolfo] Cota, [Jes\u00fas] Corona \u2014quien en su momento estaba considerado\u2014, [Jonathan] Orozco, quien pelea por una posibilidad para colarse, y [Carlos] Acevedo, quien ha alzado la mano&#8221;, asever\u00f3 Adolfo.<\/p>\n","protected":false},"excerpt":{"rendered":"<p>De los titulares que lanzar\u00e1 Gerardo Martino para su debut en la Copa del Mundo Qatar 2022, ante Polonia, hay un nombre que tiene su lugar asegurado: Guillermo Ochoa. El arco de la Selecci\u00f3n Mexicana parece tener un guardi\u00e1n definido con Memo y Adolfo R\u00edos, hist\u00f3rico exportero mexicano, tambi\u00e9n lo ve as\u00ed. &#8220;El tema de [&hellip;]<\/p>\n","protected":false},"author":81,"featured_media":223899,"comment_status":"closed","ping_status":"closed","sticky":false,"template":"","format":"standard","meta":{"footnotes":""},"categories":[39],"tags":[],"class_list":["post-223897","post","type-post","status-publish","format-standard","has-post-thumbnail","hentry","category-deportiva"],"_links":{"self":[{"href":"https:\/\/plazajuarez.mx\/historico\/wp-json\/wp\/v2\/posts\/223897","targetHints":{"allow":["GET"]}}],"collection":[{"href":"https:\/\/plazajuarez.mx\/historico\/wp-json\/wp\/v2\/posts"}],"about":[{"href":"https:\/\/plazajuarez.mx\/historico\/wp-json\/wp\/v2\/types\/post"}],"author":[{"embeddable":true,"href":"https:\/\/plazajuarez.mx\/historico\/wp-json\/wp\/v2\/users\/81"}],"replies":[{"embeddable":true,"href":"https:\/\/plazajuarez.mx\/historico\/wp-json\/wp\/v2\/comments?post=223897"}],"version-history":[{"count":0,"href":"https:\/\/plazajuarez.mx\/historico\/wp-json\/wp\/v2\/posts\/223897\/revisions"}],"wp:featuredmedia":[{"embeddable":true,"href":"https:\/\/plazajuarez.mx\/historico\/wp-json\/wp\/v2\/media\/223899"}],"wp:attachment":[{"href":"https:\/\/plazajuarez.mx\/historico\/wp-json\/wp\/v2\/media?parent=223897"}],"wp:term":[{"taxonomy":"category","embeddable":true,"href":"https:\/\/plazajuarez.mx\/historico\/wp-json\/wp\/v2\/categories?post=223897"},{"taxonomy":"post_tag","embeddable":true,"href":"https:\/\/plazajuarez.mx\/historico\/wp-json\/wp\/v2\/tags?post=223897"}],"curies":[{"name":"wp","href":"https:\/\/api.w.org\/{rel}","templated":true}]}}