{"id":223890,"date":"2022-07-26T10:57:51","date_gmt":"2022-07-26T15:57:51","guid":{"rendered":"https:\/\/plazajuarez.mx\/?p=223890"},"modified":"2022-07-26T10:58:06","modified_gmt":"2022-07-26T15:58:06","slug":"policia-de-tula-uno-de-los-2-detenidos-durante-el-rescate-de-los-225-migrantes","status":"publish","type":"post","link":"https:\/\/plazajuarez.mx\/historico\/policia-de-tula-uno-de-los-2-detenidos-durante-el-rescate-de-los-225-migrantes\/","title":{"rendered":"Polic\u00eda de Tula, uno de los 2 detenidos\u00a0durante el rescate de los 225 migrantes"},"content":{"rendered":"\n<p>Manuel Hern\u00e1ndez Badillo, confirm\u00f3 que uno de los dos detenidos durante el rescate de 225 migrantes en el municipio de Jilotepec, Estado de M\u00e9xico, es el polic\u00eda municipal de Tula, Brigham Castillo Barrera.<\/p>\n\n\n\n<p>El edil dio a conocer que fue presentada el acta correspondiente en contra del polic\u00eda por su presunta implicaci\u00f3n en el tr\u00e1fico de personas y destac\u00f3 que desde las primeras horas de este lunes el uniformado fue acusado en asuntos internos para continuar con la investigaci\u00f3n en Comit\u00e9 de Honor y Justicia de Seguridad P\u00fablica de Tula, por abandono de servicio.<\/p>\n\n\n\n<p>Se\u00f1al\u00f3 que el agente no se present\u00f3 a trabajar desde el d\u00eda s\u00e1bado, lo que significa un agravio del servicio profesional de carrera.<\/p>\n\n\n\n<p>El titular de seguridad p\u00fablica, Mario Vargas Soto, notific\u00f3 que Castillo Barrera no ingres\u00f3 el arma de servicio como lo marca el procedimiento, adem\u00e1s destac\u00f3 que el elemento contaba desde el 2020 con el certificado \u00fanico policial que otorga el Centro Estatal de Evaluaci\u00f3n y Control de Confianza del Estado de Hidalgo.<\/p>\n\n\n\n<p>Brigham Castillo Barrera se desempe\u00f1aba como polic\u00eda tercero y fue detenido el domingo junto con otra persona en la comunidad de Soyaniquilpan, Estado de M\u00e9xico, donde elementos del Ej\u00e9rcito y la Guardia Nacional rescataron a 225 migrantes de diversas nacionalidades.<\/p>\n\n\n\n<p>Se inform\u00f3 que al momento de la aprehensi\u00f3n el agente de seguridad portaba su arma de cargo, por lo cual se le fincar\u00e1n responsabilidades.<\/p>\n\n\n\n<p>El alcalde destac\u00f3 que no habr\u00e1 impunidad en este caso, mucho menos contra servidores p\u00fablicos que deben ser los primeros en acatar la ley.<\/p>\n\n\n\n<p>De manera extraoficial trascendi\u00f3 que el detenido, era muy allegado al Secretario de Seguridad P\u00fablica Municipal de Tula, Mario Vargas Soto y que por lo mismo gozaba de impunidad en sus labores, pues pr\u00e1cticamente hac\u00eda lo que quer\u00eda gracias a la complacencia del titular de la corporaci\u00f3n polic\u00edaca.<\/p>\n","protected":false},"excerpt":{"rendered":"<p>Manuel Hern\u00e1ndez Badillo, confirm\u00f3 que uno de los dos detenidos durante el rescate de 225 migrantes en el municipio de Jilotepec, Estado de M\u00e9xico, es el polic\u00eda municipal de Tula, Brigham Castillo Barrera. El edil dio a conocer que fue presentada el acta correspondiente en contra del polic\u00eda por su presunta implicaci\u00f3n en el tr\u00e1fico [&hellip;]<\/p>\n","protected":false},"author":81,"featured_media":223893,"comment_status":"closed","ping_status":"closed","sticky":false,"template":"","format":"standard","meta":{"footnotes":""},"categories":[37],"tags":[],"class_list":["post-223890","post","type-post","status-publish","format-standard","has-post-thumbnail","hentry","category-barandilla"],"_links":{"self":[{"href":"https:\/\/plazajuarez.mx\/historico\/wp-json\/wp\/v2\/posts\/223890","targetHints":{"allow":["GET"]}}],"collection":[{"href":"https:\/\/plazajuarez.mx\/historico\/wp-json\/wp\/v2\/posts"}],"about":[{"href":"https:\/\/plazajuarez.mx\/historico\/wp-json\/wp\/v2\/types\/post"}],"author":[{"embeddable":true,"href":"https:\/\/plazajuarez.mx\/historico\/wp-json\/wp\/v2\/users\/81"}],"replies":[{"embeddable":true,"href":"https:\/\/plazajuarez.mx\/historico\/wp-json\/wp\/v2\/comments?post=223890"}],"version-history":[{"count":0,"href":"https:\/\/plazajuarez.mx\/historico\/wp-json\/wp\/v2\/posts\/223890\/revisions"}],"wp:featuredmedia":[{"embeddable":true,"href":"https:\/\/plazajuarez.mx\/historico\/wp-json\/wp\/v2\/media\/223893"}],"wp:attachment":[{"href":"https:\/\/plazajuarez.mx\/historico\/wp-json\/wp\/v2\/media?parent=223890"}],"wp:term":[{"taxonomy":"category","embeddable":true,"href":"https:\/\/plazajuarez.mx\/historico\/wp-json\/wp\/v2\/categories?post=223890"},{"taxonomy":"post_tag","embeddable":true,"href":"https:\/\/plazajuarez.mx\/historico\/wp-json\/wp\/v2\/tags?post=223890"}],"curies":[{"name":"wp","href":"https:\/\/api.w.org\/{rel}","templated":true}]}}