{"id":22378,"date":"2016-06-03T18:11:27","date_gmt":"2016-06-03T18:11:27","guid":{"rendered":"http:\/\/plazajuarez.mx\/index\/index.php\/2016\/06\/03\/cnte-realiza-marcha-de-pies-cansados-en-chiapas\/"},"modified":"2016-06-03T18:11:27","modified_gmt":"2016-06-03T18:11:27","slug":"cnte-realiza-marcha-de-pies-cansados-en-chiapas","status":"publish","type":"post","link":"https:\/\/plazajuarez.mx\/historico\/cnte-realiza-marcha-de-pies-cansados-en-chiapas\/","title":{"rendered":"CNTE realiza marcha \u201cde pies cansados\u201d en Chiapas"},"content":{"rendered":"<p style=\"text-align: justify;\">Maestros chiapanecos adheridos a la Coordinadora Nacional de Trabajadores de la Educaci\u00f3n (CNTE), organizaciones sociales, padres de familia y estudiantes realizaron una marcha \u201cde pies cansados\u201d del crucero La Angostura-Tuxtla Guti\u00e9rrez al z\u00f3calo de la capital chiapaneca, en apoyo a las movilizaciones de la Ciudad de M\u00e9xico contra la reforma educativa.<\/p>\n<p>  <!--more-->  <\/p>\n<p style=\"text-align: justify;\">\u00a0<\/p>\n<p style=\"text-align: justify;\">La CNTE convoc\u00f3 a desplegar otras movilizaciones en municipios de diferentes regiones de Chiapas, las cuales se concentrar\u00e1n en plazas p\u00fablicas y afuera de las alcald\u00edas, en se\u00f1al de respaldo al movimiento magisterial.<\/p>\n<p style=\"text-align: justify;\">Maestros de las Secciones 7 y 40 del Sindicato Nacional de Trabajadores de la Educaci\u00f3n (SNTE) se mantienen en plant\u00f3n desde hace 20 d\u00edas en el centro de esta ciudad, en rechazo a la reforma educativa y la exigencia al gobierno federal de establecer una mesa de di\u00e1logo nacional.<\/p>\n<p style=\"text-align: justify;\">Demandan tambi\u00e9n que la Polic\u00eda Federal salga de Chiapas, libertad a \u201clos presos pol\u00edticos y de conciencia\u201d y rechazan la \u201ccriminalizaci\u00f3n\u201d de la protesta social.<\/p>\n<p style=\"text-align: justify;\">En medio del paro de labores docentes, el gobernador Manuel Velasco Coello llam\u00f3 hoy a los maestros paristas a retornar a las aulas \u201cpara no perder\u201d el actual ciclo escolar.<\/p>\n<p style=\"text-align: justify;\">Y adem\u00e1s ofreci\u00f3 respaldo institucional a docentes que contin\u00faan sus actividades en las escuelas.<\/p>\n","protected":false},"excerpt":{"rendered":"<p>Maestros chiapanecos adheridos a la Coordinadora Nacional de Trabajadores de la Educaci\u00f3n (CNTE), organizaciones sociales, padres de familia y estudiantes realizaron una marcha \u201cde pies cansados\u201d del crucero La Angostura-Tuxtla Guti\u00e9rrez al z\u00f3calo de la capital chiapaneca, en apoyo a las movilizaciones de la Ciudad de M\u00e9xico contra la reforma educativa.<\/p>\n","protected":false},"author":1,"featured_media":0,"comment_status":"open","ping_status":"open","sticky":false,"template":"","format":"standard","meta":{"footnotes":""},"categories":[36],"tags":[],"class_list":["post-22378","post","type-post","status-publish","format-standard","hentry","category-nacion"],"_links":{"self":[{"href":"https:\/\/plazajuarez.mx\/historico\/wp-json\/wp\/v2\/posts\/22378","targetHints":{"allow":["GET"]}}],"collection":[{"href":"https:\/\/plazajuarez.mx\/historico\/wp-json\/wp\/v2\/posts"}],"about":[{"href":"https:\/\/plazajuarez.mx\/historico\/wp-json\/wp\/v2\/types\/post"}],"author":[{"embeddable":true,"href":"https:\/\/plazajuarez.mx\/historico\/wp-json\/wp\/v2\/users\/1"}],"replies":[{"embeddable":true,"href":"https:\/\/plazajuarez.mx\/historico\/wp-json\/wp\/v2\/comments?post=22378"}],"version-history":[{"count":0,"href":"https:\/\/plazajuarez.mx\/historico\/wp-json\/wp\/v2\/posts\/22378\/revisions"}],"wp:attachment":[{"href":"https:\/\/plazajuarez.mx\/historico\/wp-json\/wp\/v2\/media?parent=22378"}],"wp:term":[{"taxonomy":"category","embeddable":true,"href":"https:\/\/plazajuarez.mx\/historico\/wp-json\/wp\/v2\/categories?post=22378"},{"taxonomy":"post_tag","embeddable":true,"href":"https:\/\/plazajuarez.mx\/historico\/wp-json\/wp\/v2\/tags?post=22378"}],"curies":[{"name":"wp","href":"https:\/\/api.w.org\/{rel}","templated":true}]}}