{"id":223711,"date":"2022-07-25T09:11:33","date_gmt":"2022-07-25T14:11:33","guid":{"rendered":"https:\/\/plazajuarez.mx\/?p=223711"},"modified":"2022-07-25T09:11:39","modified_gmt":"2022-07-25T14:11:39","slug":"el-optimismo-no-es-para-todos","status":"publish","type":"post","link":"https:\/\/plazajuarez.mx\/historico\/el-optimismo-no-es-para-todos\/","title":{"rendered":"\u201cEl optimismo no es para todos\u201d\u00a0"},"content":{"rendered":"\n<h2 class=\"wp-block-heading\"><strong>PULSO DEL MEZQUITAL\u00a0<\/strong><\/h2>\n\n\n\n<p>Debe ser muy dif\u00edcil, enfrentar una serie de eventos desafortunados y andar por la calle de la amargura y al mismo tiempo poner buena cara frente a la adversidad. Sobre todo, sabiendo que lo peor est\u00e1 por venir y aun as\u00ed, esperar algo bueno de toda esa marejada de problemillas. Y claro que se puede, como ejemplo est\u00e1 el dirigente del PRI, Alejandro Moreno \u201cAlito\u201d y los priistas.&nbsp;<\/p>\n\n\n\n<p>Han sido semanas donde al dirigente priista le ha llovido sobre mojado, audios extorsionando a empresarios, matando periodistas de hambre, quemando a sus compas, pidi\u00e9ndole \u201cel pack\u201d a sus compa\u00f1eras de partido y una serie de nuevas revelaciones que a cualquier mortal le pondr\u00eda los pelos de punta, pero \u00e9l sigue como conejito <em>Duracell.<\/em>&nbsp;<\/p>\n\n\n\n<p>En los principios b\u00e1sicos de una comunicaci\u00f3n social, lo que menos debe decir un pol\u00edtico son clich\u00e9s como: no escondo nada, no hay nada ilegal, todo lo que tengo es bien habido, vamos a hacer justicia, porque estos t\u00e9rminos son interpretados al rev\u00e9s. Para d\u00e1rselas de muy macho, el dirigente priista ha adelantado que a rajarse a tierra ajena y que \u00e9l no va a abandonar a su partido, por lo menos no hasta el 2024, cuando termina su periodo y cuando a \u00e9l todav\u00eda le va a tocar elegir qui\u00e9nes ser\u00e1n los candidatos, aunque para esas fechas, qui\u00e9n sabe si alg\u00fan valiente a\u00fan quiera abanderar sus causas, porque a este paso, lo m\u00e1s seguro es que se vayan al changarro de en frente, aunque para ello tengan que abandonar sus causas y principios, robar, mentir y traicionar.&nbsp;<\/p>\n\n\n\n<p>Hasta se parece a los diputados locales de Hidalgo, que en un af\u00e1n de impulsar una ley de protecci\u00f3n a periodistas y a defensores de derechos humanos, han echado mano de pr\u00e1cticas que los resentidazos sociales pensaron, se hab\u00edan ido al basurero de la historia, pero que por fortuna, nuestros legisladores mantienen vigentes estos usos y costumbres que nos hacen sentir orgullo de nuestra clase pol\u00edtica, bueno aunque lo de clase solo sea el nombre.&nbsp;<\/p>\n\n\n\n<p>Resulta, que con el prop\u00f3sito de escuchar todas las voces de periodistas y defensores de derechos humanos, se han iniciado foros en cada una de las regiones de Hidalgo, el prop\u00f3sito, enriquecer la reforma y hacerla m\u00e1s integral. Solo que en estos menesteres, nunca falta el organizador con manos de est\u00f3mago y durante el foro en Huejutla, en la mesa de honor estuvo presente el alcalde, Daniel Andrade, denunciado penalmente y con dos quejas ante Derechos Humanos, justamente por agresi\u00f3n a periodistas. Es como si quisi\u00e9ramos discutir reformas en materia de violencia de g\u00e9nero y la mesa la presida el diputado, Edgar Hern\u00e1ndez, como que no tiene l\u00f3gica, aunque los organizadores, es decir, los diputados, opinen lo contrario.&nbsp;<\/p>\n\n\n\n<p>Ay no, es en serio los niveles de intolerancia y rencor social, que ni los presidentes se salvan. Como al presidente municipal de Zimap\u00e1n, Alan Rivera, quien fue duramente criticado porque se niega a broncearse para acentuar su tez humilde. Resulta, que en sus giras de trabajo, cuenta con servicio de sombra, mientras que la poblaci\u00f3n, es expuesta a los rayos del sol durante sus recorridos en comunidades.&nbsp; Es incre\u00edble esta necedad de que todos somos iguales, eso ser\u00e1 ante la ley, porque en la pr\u00e1ctica hasta en las rutas hay combis y es que el c\u00f3digo postal y la etiqueta es lo que cuenta.<\/p>\n\n\n\n<p><strong>En corto:<\/strong><\/p>\n\n\n\n<p>\u2022 Este lunes, ser\u00e1 presentada la feria Ixmiquilpan 2022, en una ceremonia programada para esta ma\u00f1ana frente al palacio municipal.<\/p>\n\n\n\n<p><strong>S\u00edganme en Twitter<\/strong><\/p>\n\n\n\n<p>@MarkoCabanas<\/p>\n","protected":false},"excerpt":{"rendered":"<p>PULSO DEL MEZQUITAL\u00a0 Debe ser muy dif\u00edcil, enfrentar una serie de eventos desafortunados y andar por la calle de la amargura y al mismo tiempo poner buena cara frente a la adversidad. Sobre todo, sabiendo que lo peor est\u00e1 por venir y aun as\u00ed, esperar algo bueno de toda esa marejada de problemillas. Y claro [&hellip;]<\/p>\n","protected":false},"author":75,"featured_media":209161,"comment_status":"closed","ping_status":"closed","sticky":false,"template":"","format":"standard","meta":{"footnotes":""},"categories":[87,42],"tags":[],"class_list":["post-223711","post","type-post","status-publish","format-standard","has-post-thumbnail","hentry","category-marco-cabanas","category-nuestrapalabra"],"_links":{"self":[{"href":"https:\/\/plazajuarez.mx\/historico\/wp-json\/wp\/v2\/posts\/223711","targetHints":{"allow":["GET"]}}],"collection":[{"href":"https:\/\/plazajuarez.mx\/historico\/wp-json\/wp\/v2\/posts"}],"about":[{"href":"https:\/\/plazajuarez.mx\/historico\/wp-json\/wp\/v2\/types\/post"}],"author":[{"embeddable":true,"href":"https:\/\/plazajuarez.mx\/historico\/wp-json\/wp\/v2\/users\/75"}],"replies":[{"embeddable":true,"href":"https:\/\/plazajuarez.mx\/historico\/wp-json\/wp\/v2\/comments?post=223711"}],"version-history":[{"count":0,"href":"https:\/\/plazajuarez.mx\/historico\/wp-json\/wp\/v2\/posts\/223711\/revisions"}],"wp:featuredmedia":[{"embeddable":true,"href":"https:\/\/plazajuarez.mx\/historico\/wp-json\/wp\/v2\/media\/209161"}],"wp:attachment":[{"href":"https:\/\/plazajuarez.mx\/historico\/wp-json\/wp\/v2\/media?parent=223711"}],"wp:term":[{"taxonomy":"category","embeddable":true,"href":"https:\/\/plazajuarez.mx\/historico\/wp-json\/wp\/v2\/categories?post=223711"},{"taxonomy":"post_tag","embeddable":true,"href":"https:\/\/plazajuarez.mx\/historico\/wp-json\/wp\/v2\/tags?post=223711"}],"curies":[{"name":"wp","href":"https:\/\/api.w.org\/{rel}","templated":true}]}}