{"id":223442,"date":"2022-07-22T16:21:22","date_gmt":"2022-07-22T21:21:22","guid":{"rendered":"https:\/\/plazajuarez.mx\/?p=223442"},"modified":"2022-07-22T16:21:29","modified_gmt":"2022-07-22T21:21:29","slug":"fallece-la-actriz-mexicana-meche-carreno","status":"publish","type":"post","link":"https:\/\/plazajuarez.mx\/historico\/fallece-la-actriz-mexicana-meche-carreno\/","title":{"rendered":"Fallece la actriz mexicana Meche Carre\u00f1o"},"content":{"rendered":"\n<p>Mercedes Carre\u00f1o, mejor conocida como Meche Carre\u00f1o de 74 a\u00f1os, falleci\u00f3 hoy viernes debido a un c\u00e1ncer de h\u00edgado, fue hospitalizada hace tres d\u00edas, seg\u00fan reporta TV Azteca.<\/p>\n\n\n\n<p>Fue una actriz, productora y argumentista de cine, cuya \u00e9poca de mayor esplendor fue en la d\u00e9cada de los 70. Es reconocida por su actuaci\u00f3n en las pel\u00edculas &#8220;La Choca&#8221; y &#8220;La Otra Virginidad&#8221;.<\/p>\n","protected":false},"excerpt":{"rendered":"<p>Mercedes Carre\u00f1o, mejor conocida como Meche Carre\u00f1o de 74 a\u00f1os, falleci\u00f3 hoy viernes debido a un c\u00e1ncer de h\u00edgado, fue hospitalizada hace tres d\u00edas, seg\u00fan reporta TV Azteca. Fue una actriz, productora y argumentista de cine, cuya \u00e9poca de mayor esplendor fue en la d\u00e9cada de los 70. Es reconocida por su actuaci\u00f3n en las [&hellip;]<\/p>\n","protected":false},"author":81,"featured_media":223443,"comment_status":"closed","ping_status":"closed","sticky":false,"template":"","format":"standard","meta":{"footnotes":""},"categories":[15,38,2166],"tags":[],"class_list":["post-223442","post","type-post","status-publish","format-standard","has-post-thumbnail","hentry","category-destacadas","category-show","category-viral"],"_links":{"self":[{"href":"https:\/\/plazajuarez.mx\/historico\/wp-json\/wp\/v2\/posts\/223442","targetHints":{"allow":["GET"]}}],"collection":[{"href":"https:\/\/plazajuarez.mx\/historico\/wp-json\/wp\/v2\/posts"}],"about":[{"href":"https:\/\/plazajuarez.mx\/historico\/wp-json\/wp\/v2\/types\/post"}],"author":[{"embeddable":true,"href":"https:\/\/plazajuarez.mx\/historico\/wp-json\/wp\/v2\/users\/81"}],"replies":[{"embeddable":true,"href":"https:\/\/plazajuarez.mx\/historico\/wp-json\/wp\/v2\/comments?post=223442"}],"version-history":[{"count":0,"href":"https:\/\/plazajuarez.mx\/historico\/wp-json\/wp\/v2\/posts\/223442\/revisions"}],"wp:featuredmedia":[{"embeddable":true,"href":"https:\/\/plazajuarez.mx\/historico\/wp-json\/wp\/v2\/media\/223443"}],"wp:attachment":[{"href":"https:\/\/plazajuarez.mx\/historico\/wp-json\/wp\/v2\/media?parent=223442"}],"wp:term":[{"taxonomy":"category","embeddable":true,"href":"https:\/\/plazajuarez.mx\/historico\/wp-json\/wp\/v2\/categories?post=223442"},{"taxonomy":"post_tag","embeddable":true,"href":"https:\/\/plazajuarez.mx\/historico\/wp-json\/wp\/v2\/tags?post=223442"}],"curies":[{"name":"wp","href":"https:\/\/api.w.org\/{rel}","templated":true}]}}