{"id":223439,"date":"2022-07-22T15:06:42","date_gmt":"2022-07-22T20:06:42","guid":{"rendered":"https:\/\/plazajuarez.mx\/?p=223439"},"modified":"2022-07-22T15:06:49","modified_gmt":"2022-07-22T20:06:49","slug":"biden-ha-mejorado-tras-responder-bien-al-tratamiento-contra-la-covid","status":"publish","type":"post","link":"https:\/\/plazajuarez.mx\/historico\/biden-ha-mejorado-tras-responder-bien-al-tratamiento-contra-la-covid\/","title":{"rendered":"Biden ha mejorado tras responder bien al tratamiento contra la covid"},"content":{"rendered":"\n<p>El presidente de Estados Unidos, Joe Biden, ha mejorado tras responder bien al tratamiento que se le ha administrado contra la covid-19, indic\u00f3 este viernes su m\u00e9dico, Kevin C. O&#8217;Connor.<\/p>\n\n\n\n<p>El jueves por la noche su temperatura corporal subi\u00f3 hasta los 99,4 grados Fahrenheit (37,4 \u00b0C), pero se le administr\u00f3 Tylenol, un analg\u00e9sico y antipir\u00e9tico a base de acetaminofeno, y &#8220;respondi\u00f3 favorablemente&#8221;, indic\u00f3 el facultativo en un comunicado.<\/p>\n\n\n\n<p>Biden, de 79 a\u00f1os, sigue teniendo congesti\u00f3n nasal, fatiga y ocasionalmente una tos seca, pero su pulso, presi\u00f3n sangu\u00ednea, frecuencia respiratoria y niveles de ox\u00edgeno se mantienen &#8220;completamente normales&#8221;.<\/p>\n\n\n\n<p>El presidente, que ha recibido las dos dosis de la vacuna y otras dos de refuerzo, est\u00e1 siendo tratado principalmente con el antirretrov\u00edrico oral Paxlovid.<\/p>\n\n\n\n<p>La Casa Blanca anunci\u00f3 el jueves que Biden hab\u00eda dado positivo de covid y ese mismo d\u00eda el mandatario dem\u00f3crata public\u00f3 un video grabado desde un balc\u00f3n de la residencia y donde aseguraba que se encontraba bien y que sus s\u00edntomas eran leves.<\/p>\n\n\n\n<p>De acuerdo con el protocolo de la Casa Blanca, que va m\u00e1s all\u00e1 de las recomendaciones de los Centros de Control y Prevenci\u00f3n de Enfermedades (CDC, en ingl\u00e9s), hasta que no d\u00e9 negativo Biden continuar\u00e1 aislado y no retomar\u00e1 sus tareas de forma presencial.<\/p>\n\n\n\n<p>Su m\u00e9dico subray\u00f3 en la misiva que nada le hace pensar que a lo largo de su enfermedad la evoluci\u00f3n de los s\u00edntomas no vaya a ser positiva.<\/p>\n","protected":false},"excerpt":{"rendered":"<p>El presidente de Estados Unidos, Joe Biden, ha mejorado tras responder bien al tratamiento que se le ha administrado contra la covid-19, indic\u00f3 este viernes su m\u00e9dico, Kevin C. O&#8217;Connor. El jueves por la noche su temperatura corporal subi\u00f3 hasta los 99,4 grados Fahrenheit (37,4 \u00b0C), pero se le administr\u00f3 Tylenol, un analg\u00e9sico y antipir\u00e9tico [&hellip;]<\/p>\n","protected":false},"author":80,"featured_media":223440,"comment_status":"closed","ping_status":"closed","sticky":false,"template":"","format":"standard","meta":{"footnotes":""},"categories":[15,31],"tags":[],"class_list":["post-223439","post","type-post","status-publish","format-standard","has-post-thumbnail","hentry","category-destacadas","category-orbe"],"_links":{"self":[{"href":"https:\/\/plazajuarez.mx\/historico\/wp-json\/wp\/v2\/posts\/223439","targetHints":{"allow":["GET"]}}],"collection":[{"href":"https:\/\/plazajuarez.mx\/historico\/wp-json\/wp\/v2\/posts"}],"about":[{"href":"https:\/\/plazajuarez.mx\/historico\/wp-json\/wp\/v2\/types\/post"}],"author":[{"embeddable":true,"href":"https:\/\/plazajuarez.mx\/historico\/wp-json\/wp\/v2\/users\/80"}],"replies":[{"embeddable":true,"href":"https:\/\/plazajuarez.mx\/historico\/wp-json\/wp\/v2\/comments?post=223439"}],"version-history":[{"count":0,"href":"https:\/\/plazajuarez.mx\/historico\/wp-json\/wp\/v2\/posts\/223439\/revisions"}],"wp:featuredmedia":[{"embeddable":true,"href":"https:\/\/plazajuarez.mx\/historico\/wp-json\/wp\/v2\/media\/223440"}],"wp:attachment":[{"href":"https:\/\/plazajuarez.mx\/historico\/wp-json\/wp\/v2\/media?parent=223439"}],"wp:term":[{"taxonomy":"category","embeddable":true,"href":"https:\/\/plazajuarez.mx\/historico\/wp-json\/wp\/v2\/categories?post=223439"},{"taxonomy":"post_tag","embeddable":true,"href":"https:\/\/plazajuarez.mx\/historico\/wp-json\/wp\/v2\/tags?post=223439"}],"curies":[{"name":"wp","href":"https:\/\/api.w.org\/{rel}","templated":true}]}}