{"id":223423,"date":"2022-07-22T12:21:22","date_gmt":"2022-07-22T17:21:22","guid":{"rendered":"https:\/\/plazajuarez.mx\/?p=223423"},"modified":"2022-07-22T12:21:28","modified_gmt":"2022-07-22T17:21:28","slug":"roban-en-tepic-a-bebe-recien-nacido","status":"publish","type":"post","link":"https:\/\/plazajuarez.mx\/historico\/roban-en-tepic-a-bebe-recien-nacido\/","title":{"rendered":"Roban en Tepic a beb\u00e9 reci\u00e9n nacido"},"content":{"rendered":"\n<p>Mediante enga\u00f1os, una mujer logr\u00f3 robarle su beb\u00e9 a una adolescente de 14 a\u00f1os afuera de las instalaciones del DIF Nayarit en Tepic; la Fiscal\u00eda del estado activ\u00f3 la Alerta Amber para tratar de localizar al beb\u00e9, que tiene una semana de nacido.<br><br>La dependencia indic\u00f3 que los hechos ocurrieron alrededor de las 13:00 horas, cuando la madre del beb\u00e9 acudi\u00f3 al DIF acompa\u00f1ada de la mujer que se llev\u00f3 a su hijo; seg\u00fan el relato de la adolescente, la mujer dijo que pod\u00eda ayudarle a tramitar apoyos gubernamentales y la llev\u00f3 a la dependencia de apoyo social.<br><br>Una vez ah\u00ed, le dijo que le cuidar\u00eda al peque\u00f1o mientras ella entraba a hacer los tr\u00e1mites, pero cuando sali\u00f3 ya no la encontr\u00f3 a la mujer y al beb\u00e9.<br><br>&#8220;Las caracter\u00edsticas f\u00edsicas con las que se cuenta hasta este momento sobre la responsable de la sustracci\u00f3n son que se trata de una mujer de entre 25 y 30 a\u00f1os de edad, de complexi\u00f3n robusta, estatura baja y cara redonda con cabello oscuro o negro, quien viste mallas en color negro, blusa blanca y lleva consigo al beb\u00e9 cubierto con un cobertor azul cielo y un mameluco con rayas en color amarillo con blanco&#8221;, indic\u00f3 la Fiscal\u00eda en un comunicado.<br><br>El beb\u00e9 tiene 6 d\u00edas de nacido, mide 45 cent\u00edmetros, es de complexi\u00f3n robusta, cabello casta\u00f1o claro, corto, lacio y ojos caf\u00e9 claro, medianos.<br><br>Agentes de diversas dependencias implementaron operativos de b\u00fasqueda en distintos puntos de la ciudad y los municipios aleda\u00f1os para tratar de dar con el paradero del beb\u00e9.<\/p>\n","protected":false},"excerpt":{"rendered":"<p>Mediante enga\u00f1os, una mujer logr\u00f3 robarle su beb\u00e9 a una adolescente de 14 a\u00f1os afuera de las instalaciones del DIF Nayarit en Tepic; la Fiscal\u00eda del estado activ\u00f3 la Alerta Amber para tratar de localizar al beb\u00e9, que tiene una semana de nacido. La dependencia indic\u00f3 que los hechos ocurrieron alrededor de las 13:00 horas, [&hellip;]<\/p>\n","protected":false},"author":81,"featured_media":223424,"comment_status":"closed","ping_status":"closed","sticky":false,"template":"","format":"standard","meta":{"footnotes":""},"categories":[37,15],"tags":[],"class_list":["post-223423","post","type-post","status-publish","format-standard","has-post-thumbnail","hentry","category-barandilla","category-destacadas"],"_links":{"self":[{"href":"https:\/\/plazajuarez.mx\/historico\/wp-json\/wp\/v2\/posts\/223423","targetHints":{"allow":["GET"]}}],"collection":[{"href":"https:\/\/plazajuarez.mx\/historico\/wp-json\/wp\/v2\/posts"}],"about":[{"href":"https:\/\/plazajuarez.mx\/historico\/wp-json\/wp\/v2\/types\/post"}],"author":[{"embeddable":true,"href":"https:\/\/plazajuarez.mx\/historico\/wp-json\/wp\/v2\/users\/81"}],"replies":[{"embeddable":true,"href":"https:\/\/plazajuarez.mx\/historico\/wp-json\/wp\/v2\/comments?post=223423"}],"version-history":[{"count":0,"href":"https:\/\/plazajuarez.mx\/historico\/wp-json\/wp\/v2\/posts\/223423\/revisions"}],"wp:featuredmedia":[{"embeddable":true,"href":"https:\/\/plazajuarez.mx\/historico\/wp-json\/wp\/v2\/media\/223424"}],"wp:attachment":[{"href":"https:\/\/plazajuarez.mx\/historico\/wp-json\/wp\/v2\/media?parent=223423"}],"wp:term":[{"taxonomy":"category","embeddable":true,"href":"https:\/\/plazajuarez.mx\/historico\/wp-json\/wp\/v2\/categories?post=223423"},{"taxonomy":"post_tag","embeddable":true,"href":"https:\/\/plazajuarez.mx\/historico\/wp-json\/wp\/v2\/tags?post=223423"}],"curies":[{"name":"wp","href":"https:\/\/api.w.org\/{rel}","templated":true}]}}