{"id":223419,"date":"2022-07-22T12:16:07","date_gmt":"2022-07-22T17:16:07","guid":{"rendered":"https:\/\/plazajuarez.mx\/?p=223419"},"modified":"2022-07-22T12:16:16","modified_gmt":"2022-07-22T17:16:16","slug":"preve-amlo-que-la-inflacion-suba-por-tres-meses-mas","status":"publish","type":"post","link":"https:\/\/plazajuarez.mx\/historico\/preve-amlo-que-la-inflacion-suba-por-tres-meses-mas\/","title":{"rendered":"Prev\u00e9 AMLO que la inflaci\u00f3n suba por tres meses m\u00e1s"},"content":{"rendered":"\n<p>El presidente mexicano, Andr\u00e9s Manuel L\u00f3pez Obrador, pronostic\u00f3 este viernes que el incremento sostenido de la inflaci\u00f3n, que en el pa\u00eds est\u00e1 en su m\u00e1ximo nivel en 21 a\u00f1os, se prolongar\u00e1 por tres meses m\u00e1s ante una mejora de las condiciones internacionales.<\/p>\n\n\n\n<p>&#8220;Yo pienso que tres meses m\u00e1s. Yo creo que para octubre o noviembre ya empieza a bajar, ese es mi pron\u00f3stico porque van a empezar tambi\u00e9n a cambiar las condiciones internacionales&#8221;, declar\u00f3 el mandatario en su rueda de prensa matutina, realizada ahora en Puerto Vallarta, en el Pac\u00edfico mexicano.<\/p>\n\n\n\n<p>El presidente se refiri\u00f3 al dato del Instituto Nacional de Estad\u00edstica y Geograf\u00eda (Inegi), que horas antes revel\u00f3 que la tasa de inflaci\u00f3n subi\u00f3 en la primera quincena de julio hasta el 8,16 %, el \u00edndice m\u00e1s alto desde enero de 2001.<\/p>\n\n\n\n<p>A\u00fan as\u00ed, L\u00f3pez Obrador se\u00f1al\u00f3 que la inflaci\u00f3n es m\u00e1s baja que en Estados Unidos, donde alcanz\u00f3 una tasa anual de 9,1 % en junio, su mayor nivel en 40 a\u00f1os.<\/p>\n\n\n\n<p>Adem\u00e1s, argument\u00f3 que a su Gobierno le ha tocado lidiar con &#8220;dos calamidades externas&#8221;: la pandemia y la inflaci\u00f3n derivada de la guerra de Rusia con Ucrania.<\/p>\n\n\n\n<p>\u201cSon factores externos que pueden mejorar, pueden cambiar, por eso celebro tambi\u00e9n que ya no hay el ambiente que hubo al inicio de la guerra (en Ucrania): sanciones, declaraciones y acusaciones mutuas, como que se ha serenado un poco el ambiente mundial\u201d, manifest\u00f3.<\/p>\n\n\n\n<p>El mandatario presumi\u00f3 de las acciones que ha emprendido su Gobierno contra la inflaci\u00f3n, en particular el subsidio de 100 % que desde marzo aplica al Impuesto Especial sobre Producci\u00f3n y Servicios (IEPS), que se deber\u00eda pagar por cada litro de gasolina y di\u00e9sel.<\/p>\n\n\n\n<p>Aunque reconoci\u00f3 que este subsidio implica un costo, que \u00e9l llam\u00f3 &#8220;inversi\u00f3n&#8221;, de 500.000 millones de pesos este a\u00f1o (cerca de 25.000 millones de d\u00f3lares), asegur\u00f3 que no significa un d\u00e9ficit porque M\u00e9xico est\u00e1 exportando cada barril de petr\u00f3leo por encima de los 90 d\u00f3lares.<\/p>\n\n\n\n<p>\u201c(Estamos) evitando que aumente el precio de las gasolinas, eso nos ha ayudado mucho a contener la inflaci\u00f3n,. La gasolina en M\u00e9xico es m\u00e1s barata que en Estados Unidos y que en Europa, y esto nos est\u00e1 significando un subsidio en beneficio de los consumidores\u201d, subray\u00f3.<\/p>\n\n\n\n<p>El presidente tambi\u00e9n defendi\u00f3 el plan antiinflaci\u00f3n que anunci\u00f3 en mayo y que consiste en un pacto con empresarios para controlar los precios de la canasta b\u00e1sica e incentivar la producci\u00f3n de alimentos a nivel nacional.<\/p>\n\n\n\n<p>\u201cEstamos ahora impulsando toda la actividad productiva porque la f\u00f3rmula es ser autosuficientes en energ\u00e9ticos y ser autosuficientes en alimentos\u201d, concluy\u00f3.<\/p>\n","protected":false},"excerpt":{"rendered":"<p>El presidente mexicano, Andr\u00e9s Manuel L\u00f3pez Obrador, pronostic\u00f3 este viernes que el incremento sostenido de la inflaci\u00f3n, que en el pa\u00eds est\u00e1 en su m\u00e1ximo nivel en 21 a\u00f1os, se prolongar\u00e1 por tres meses m\u00e1s ante una mejora de las condiciones internacionales. &#8220;Yo pienso que tres meses m\u00e1s. Yo creo que para octubre o noviembre [&hellip;]<\/p>\n","protected":false},"author":80,"featured_media":223420,"comment_status":"closed","ping_status":"closed","sticky":false,"template":"","format":"standard","meta":{"footnotes":""},"categories":[15,36],"tags":[],"class_list":["post-223419","post","type-post","status-publish","format-standard","has-post-thumbnail","hentry","category-destacadas","category-nacion"],"_links":{"self":[{"href":"https:\/\/plazajuarez.mx\/historico\/wp-json\/wp\/v2\/posts\/223419","targetHints":{"allow":["GET"]}}],"collection":[{"href":"https:\/\/plazajuarez.mx\/historico\/wp-json\/wp\/v2\/posts"}],"about":[{"href":"https:\/\/plazajuarez.mx\/historico\/wp-json\/wp\/v2\/types\/post"}],"author":[{"embeddable":true,"href":"https:\/\/plazajuarez.mx\/historico\/wp-json\/wp\/v2\/users\/80"}],"replies":[{"embeddable":true,"href":"https:\/\/plazajuarez.mx\/historico\/wp-json\/wp\/v2\/comments?post=223419"}],"version-history":[{"count":0,"href":"https:\/\/plazajuarez.mx\/historico\/wp-json\/wp\/v2\/posts\/223419\/revisions"}],"wp:featuredmedia":[{"embeddable":true,"href":"https:\/\/plazajuarez.mx\/historico\/wp-json\/wp\/v2\/media\/223420"}],"wp:attachment":[{"href":"https:\/\/plazajuarez.mx\/historico\/wp-json\/wp\/v2\/media?parent=223419"}],"wp:term":[{"taxonomy":"category","embeddable":true,"href":"https:\/\/plazajuarez.mx\/historico\/wp-json\/wp\/v2\/categories?post=223419"},{"taxonomy":"post_tag","embeddable":true,"href":"https:\/\/plazajuarez.mx\/historico\/wp-json\/wp\/v2\/tags?post=223419"}],"curies":[{"name":"wp","href":"https:\/\/api.w.org\/{rel}","templated":true}]}}