{"id":223168,"date":"2022-07-20T11:02:08","date_gmt":"2022-07-20T16:02:08","guid":{"rendered":"https:\/\/plazajuarez.mx\/?p=223168"},"modified":"2022-07-20T11:03:06","modified_gmt":"2022-07-20T16:03:06","slug":"spiderman_noway-2","status":"publish","type":"post","link":"https:\/\/plazajuarez.mx\/historico\/spiderman_noway-2\/","title":{"rendered":"&#8220;Spider-Man: No Way Home&#8221; se reestrenar\u00e1"},"content":{"rendered":"\n<ul class=\"wp-block-list\"><li>La cuenta oficial de Twitter de &#8220;Spider-Man: No Way Home&#8221;, ya puso las fechas de estreno para nuestro pa\u00eds<\/li><\/ul>\n\n\n\n<p>Fue el pasado 15 de diciembre del 2021 que la pel\u00edcula &#8220;Spider-Man: No Way Home&#8221; se estren\u00f3 en cines y fue toda una locura entre los fans del superh\u00e9roe ar\u00e1cnido, ya que toda aquella especulaci\u00f3n acerca si el multiverso permitir\u00eda que los hombres ara\u00f1a de otros universos se juntar\u00e1n se hizo realidad.<\/p>\n\n\n\n<p>En la pantalla pudimos ver a Tom Holland al lado de Andrew Garfield y del mism\u00edsimo Tobey Maguire, adem\u00e1s de los ic\u00f3nicos villanos de cada uno de estos Spider-Man, como Willem Dafoe con su Duende Verde, Alfred Molina con Doctor Octopus y Jamie Foxx con Electro. Debido a su \u00e9xito desbordante, es que Sony y Marvel Studios quiere seguir ganando y en esta ocasi\u00f3n han confirmado que estrenar\u00e1n en cines una versi\u00f3n extendida de &#8220;Spider-Man: No Way Home&#8221;.<\/p>\n\n\n\n<p>Ya se hab\u00eda mencionado que como parte de los festejos del 60 aniversario del c\u00f3mic de Spider-Man y de la primera pel\u00edcula que cre\u00f3 Sony, lanzar\u00eda la m\u00e1s reciente cinta del superh\u00e9roe favorito de Stan Lee, pero en una versi\u00f3n que incluye escenas que se eliminaron de la primera adaptaci\u00f3n del filme.<\/p>\n\n\n\n<p><strong>\u00bfCu\u00e1ndo se estrenar\u00e1 la versi\u00f3n extendida de &#8220;Spider-Man: No Way Home&#8221;?<\/strong><\/p>\n\n\n\n<p>En su momento se anunci\u00f3 que se estrenar\u00eda en septiembre para Estados Unidos y Canad\u00e1, pero ahora ya tenemos la fecha de M\u00e9xico. La cuenta oficial de Twitter de &#8220;Spider-Man: No Way Home&#8221;, ya puso las fechas de estreno para nuestro pa\u00eds, y resulta que llegar\u00e1 el 1 de septiembre a las salas de cine esta nueva versi\u00f3n.<\/p>\n","protected":false},"excerpt":{"rendered":"<p>La cuenta oficial de Twitter de &#8220;Spider-Man: No Way Home&#8221;, ya puso las fechas de estreno para nuestro pa\u00eds Fue el pasado 15 de diciembre del 2021 que la pel\u00edcula &#8220;Spider-Man: No Way Home&#8221; se estren\u00f3 en cines y fue toda una locura entre los fans del superh\u00e9roe ar\u00e1cnido, ya que toda aquella especulaci\u00f3n acerca [&hellip;]<\/p>\n","protected":false},"author":81,"featured_media":223169,"comment_status":"closed","ping_status":"closed","sticky":false,"template":"","format":"standard","meta":{"footnotes":""},"categories":[38],"tags":[],"class_list":["post-223168","post","type-post","status-publish","format-standard","has-post-thumbnail","hentry","category-show"],"_links":{"self":[{"href":"https:\/\/plazajuarez.mx\/historico\/wp-json\/wp\/v2\/posts\/223168","targetHints":{"allow":["GET"]}}],"collection":[{"href":"https:\/\/plazajuarez.mx\/historico\/wp-json\/wp\/v2\/posts"}],"about":[{"href":"https:\/\/plazajuarez.mx\/historico\/wp-json\/wp\/v2\/types\/post"}],"author":[{"embeddable":true,"href":"https:\/\/plazajuarez.mx\/historico\/wp-json\/wp\/v2\/users\/81"}],"replies":[{"embeddable":true,"href":"https:\/\/plazajuarez.mx\/historico\/wp-json\/wp\/v2\/comments?post=223168"}],"version-history":[{"count":0,"href":"https:\/\/plazajuarez.mx\/historico\/wp-json\/wp\/v2\/posts\/223168\/revisions"}],"wp:featuredmedia":[{"embeddable":true,"href":"https:\/\/plazajuarez.mx\/historico\/wp-json\/wp\/v2\/media\/223169"}],"wp:attachment":[{"href":"https:\/\/plazajuarez.mx\/historico\/wp-json\/wp\/v2\/media?parent=223168"}],"wp:term":[{"taxonomy":"category","embeddable":true,"href":"https:\/\/plazajuarez.mx\/historico\/wp-json\/wp\/v2\/categories?post=223168"},{"taxonomy":"post_tag","embeddable":true,"href":"https:\/\/plazajuarez.mx\/historico\/wp-json\/wp\/v2\/tags?post=223168"}],"curies":[{"name":"wp","href":"https:\/\/api.w.org\/{rel}","templated":true}]}}