{"id":223164,"date":"2022-07-20T10:19:03","date_gmt":"2022-07-20T15:19:03","guid":{"rendered":"https:\/\/plazajuarez.mx\/?p=223164"},"modified":"2022-07-20T10:59:50","modified_gmt":"2022-07-20T15:59:50","slug":"elipsis_","status":"publish","type":"post","link":"https:\/\/plazajuarez.mx\/historico\/elipsis_\/","title":{"rendered":"A finales de este mes, llegar\u00e1 la segunda edici\u00f3n de Elipsis"},"content":{"rendered":"\n<ul class=\"wp-block-list\"><li>Del 29 de julio al 19 de agosto ser\u00e1 online y del 29 al 31, presencial<br><\/li><\/ul>\n\n\n\n<p>Por segunda ocasi\u00f3n, se realizar\u00e1 en Pachuca el Encuentro Internacional de Artes y Ciencias Cinematogr\u00e1ficas \u201cElipsis\u201d, aunque esta vez se llevar\u00e1 a cabo en modalidad h\u00edbrida: del 29 de julio al 19 de agosto ser\u00e1 online y del 29 al 31, presencial.&nbsp;<\/p>\n\n\n\n<p>De manera virtual estar\u00e1 presente en la Muestra internacional de cine en Filminlatino.mx, y con clases y ponencias que ser\u00e1n transmitidas por Facebook Live en las p\u00e1ginas oficiales de elipsishgo \/cinehgo, mientras que de manera presencial se tendr\u00e1n funciones en el Centro Cultural del Ferrocarril y Cin\u00e9polis Galer\u00edas.&nbsp;<\/p>\n\n\n\n<p>La Muestra Internacional de Cine tiene el objetivo de impulsar la formaci\u00f3n de p\u00fablicos y la promoci\u00f3n de realizadores cinematogr\u00e1ficos.<\/p>\n\n\n\n<p>Brenda Gonz\u00e1lez Soto, programadora de la muestra y coordinadora de la Academia de las Artes y las Ciencias Cinematogr\u00e1ficas, detall\u00f3 que la Muestra cuenta con cinco categor\u00edas en competencia: Cortometraje Mexicano Ficci\u00f3n, Cortometraje Mexicano Universitario, Cortometraje Mexicano Animaci\u00f3n, Cortometraje Mexicano Documental y Cortometraje Hidalguense, y una fuera de competencia: Cortometraje Internacional.&nbsp;<\/p>\n\n\n\n<p>Agreg\u00f3 que participaron m\u00e1s de 40 pa\u00edses con 368 proyectos, de los cuales solo se seleccionaron 86.&nbsp;<\/p>\n\n\n\n<p>Jennifer Remba, directora de la Academia de las Artes y las Ciencias Cinematogr\u00e1ficas del estado de Hidalgo, coment\u00f3 que la selecci\u00f3n oficial podr\u00e1 ser consultada en la p\u00e1gina <a href=\"http:\/\/www.cinehidalgo.org\/elipsis.php\">http:\/\/www.cinehidalgo.org\/elipsis.php<\/a>, as\u00ed como en las redes oficiales de la Academia de las Artes y las Ciencias Cinematogr\u00e1ficas de Hidalgo.<\/p>\n\n\n\n<p>Agreg\u00f3 que de manera presencial estar\u00e1n en el Ferrocarril, el 29 y 30 de julio, a partir de las 10:00 de la ma\u00f1ana y hasta las 8:00 de la noche con la muestra nacional e internacional, mientras que la muestra hidalguense ser\u00e1 proyectada en Cin\u00e9polis Galer\u00edas, el 31 de julio, a partir de las 4:00 de la tarde.&nbsp;<\/p>\n\n\n\n<p>Y como parte de las actividades acad\u00e9micas tendr\u00e1n la charla \u201cAnuario Estad\u00edstico del Cine Mexicano\u201d por parte del Instituto Mexicano de Cinematograf\u00eda (<strong>IMCINE<\/strong>) el 29 de julio, a las 4:00 de la tarde, as\u00ed como la ponencia \u201cEstrategias de investigaci\u00f3n art\u00edstica y experimentaci\u00f3n para la creaci\u00f3n cinematogr\u00e1fica\u201d del Doctor Pablo Mart\u00ednez, el d\u00eda 31 de julio a las 11:00.<\/p>\n\n\n\n<p>Alfonso Santill\u00e1n Vazquez, colaborador del Centro de investigaci\u00f3n y Desarrollo en Artes y Ciencias se\u00f1al\u00f3 que tendr\u00e1n c\u00edrculos de reflexi\u00f3n en torno a \u201cImplicaciones \u00e9ticas del cine\u201d discutiendo la \u00e9tica dentro de la grabaci\u00f3n y en t\u00e9rminos filos\u00f3ficos \u201cde la representaci\u00f3n, como se da la presencia en el cine\u201d. Este se llevar\u00e1&nbsp; a cabo el 31 de julio, a las 12:00 de la tarde y juntar\u00e1 a realizadores, estudiantes, acad\u00e9micos e investigadores.&nbsp;<\/p>\n","protected":false},"excerpt":{"rendered":"<p>Del 29 de julio al 19 de agosto ser\u00e1 online y del 29 al 31, presencial Por segunda ocasi\u00f3n, se realizar\u00e1 en Pachuca el Encuentro Internacional de Artes y Ciencias Cinematogr\u00e1ficas \u201cElipsis\u201d, aunque esta vez se llevar\u00e1 a cabo en modalidad h\u00edbrida: del 29 de julio al 19 de agosto ser\u00e1 online y del 29 [&hellip;]<\/p>\n","protected":false},"author":101,"featured_media":223165,"comment_status":"closed","ping_status":"closed","sticky":false,"template":"","format":"standard","meta":{"footnotes":""},"categories":[38],"tags":[],"class_list":["post-223164","post","type-post","status-publish","format-standard","has-post-thumbnail","hentry","category-show"],"_links":{"self":[{"href":"https:\/\/plazajuarez.mx\/historico\/wp-json\/wp\/v2\/posts\/223164","targetHints":{"allow":["GET"]}}],"collection":[{"href":"https:\/\/plazajuarez.mx\/historico\/wp-json\/wp\/v2\/posts"}],"about":[{"href":"https:\/\/plazajuarez.mx\/historico\/wp-json\/wp\/v2\/types\/post"}],"author":[{"embeddable":true,"href":"https:\/\/plazajuarez.mx\/historico\/wp-json\/wp\/v2\/users\/101"}],"replies":[{"embeddable":true,"href":"https:\/\/plazajuarez.mx\/historico\/wp-json\/wp\/v2\/comments?post=223164"}],"version-history":[{"count":0,"href":"https:\/\/plazajuarez.mx\/historico\/wp-json\/wp\/v2\/posts\/223164\/revisions"}],"wp:featuredmedia":[{"embeddable":true,"href":"https:\/\/plazajuarez.mx\/historico\/wp-json\/wp\/v2\/media\/223165"}],"wp:attachment":[{"href":"https:\/\/plazajuarez.mx\/historico\/wp-json\/wp\/v2\/media?parent=223164"}],"wp:term":[{"taxonomy":"category","embeddable":true,"href":"https:\/\/plazajuarez.mx\/historico\/wp-json\/wp\/v2\/categories?post=223164"},{"taxonomy":"post_tag","embeddable":true,"href":"https:\/\/plazajuarez.mx\/historico\/wp-json\/wp\/v2\/tags?post=223164"}],"curies":[{"name":"wp","href":"https:\/\/api.w.org\/{rel}","templated":true}]}}