{"id":223158,"date":"2022-07-20T10:07:46","date_gmt":"2022-07-20T15:07:46","guid":{"rendered":"https:\/\/plazajuarez.mx\/?p=223158"},"modified":"2022-07-20T10:14:52","modified_gmt":"2022-07-20T15:14:52","slug":"escritor_uruguayo","status":"publish","type":"post","link":"https:\/\/plazajuarez.mx\/historico\/escritor_uruguayo\/","title":{"rendered":"CINE DE MA\u00d1ANA"},"content":{"rendered":"\n<h2 class=\"wp-block-heading\"><strong>Escritor uruguayo<\/strong><\/h2>\n\n\n\n<ul class=\"wp-block-list\"><li>En esta ocasi\u00f3n vamos a hablar de <em>El filmador<\/em> de Aldo Garay, un filme uruguayo basado en el diario de Pedro D\u00edaz, un artista en toda la extensi\u00f3n de la palabra, que e<\/li><\/ul>\n\n\n\n<p>Otro de los filmes interesantes del XLI Foro Internacional de la Cineteca es <em>El filmador<\/em> de Aldo Garay, el veterano realizador uruguayo de <em>El casamiento <\/em>y <em>La espera.<\/em><\/p>\n\n\n\n<p>El realizador ha tenido acceso a los archivos f\u00edlmicos del escritor Jos\u00e9 Pedro D\u00edaz, quien obtuvo una beca para viajar a Europa a principios de los a\u00f1os 50 en compa\u00f1\u00eda de su esposa, la poeta Amanda Berenguer.<\/p>\n\n\n\n<p>El ensayista, narrador, profesor y cr\u00edtico de arte, nacido el 12 de enero de 1921, forma parte de la generaci\u00f3n del 45, cuya obra m\u00e1s famosa es <em>Los fuegos<\/em> de San Telmo.<\/p>\n\n\n\n<p>Ilusionado por el viaje a Par\u00eds, se compra una c\u00e1mara con la que registra sus paseos y entrevistas con colegas y artistas.<\/p>\n\n\n\n<p>Curiosamente las filmaciones tienen un aire nost\u00e1lgico, pero a la vez triste, pues el escritor se percata que han llegado tarde a la Ciudad Luz.<\/p>\n\n\n\n<p>Sintom\u00e1ticamente su obra comenz\u00f3 a mermar a su regreso, mientras que la de su esposa alcanz\u00f3 la fama con obras como <em>El r\u00edo,<\/em> por la que recibi\u00f3 el Premio del Ministerio de Educaci\u00f3n P\u00fablica.<\/p>\n\n\n\n<p>Garay ilustra el diario del escritor con algunas de las filmaciones y escenas con el hijo \u00c1lvaro D\u00edaz Berenguer.<\/p>\n\n\n\n<p><em>El filmador<\/em> resulta pues, un filme muy interesante que nos adentra en la obra de una pareja de destacados escritores uruguayos que corren el riesgo de caer en el olvido.&nbsp;<\/p>\n","protected":false},"excerpt":{"rendered":"<p>Escritor uruguayo En esta ocasi\u00f3n vamos a hablar de El filmador de Aldo Garay, un filme uruguayo basado en el diario de Pedro D\u00edaz, un artista en toda la extensi\u00f3n de la palabra, que e Otro de los filmes interesantes del XLI Foro Internacional de la Cineteca es El filmador de Aldo Garay, el veterano [&hellip;]<\/p>\n","protected":false},"author":96,"featured_media":223162,"comment_status":"closed","ping_status":"closed","sticky":false,"template":"","format":"standard","meta":{"footnotes":""},"categories":[41,54,42],"tags":[],"class_list":["post-223158","post","type-post","status-publish","format-standard","has-post-thumbnail","hentry","category-arteria-cultural","category-jorge-carrasco","category-nuestrapalabra"],"_links":{"self":[{"href":"https:\/\/plazajuarez.mx\/historico\/wp-json\/wp\/v2\/posts\/223158","targetHints":{"allow":["GET"]}}],"collection":[{"href":"https:\/\/plazajuarez.mx\/historico\/wp-json\/wp\/v2\/posts"}],"about":[{"href":"https:\/\/plazajuarez.mx\/historico\/wp-json\/wp\/v2\/types\/post"}],"author":[{"embeddable":true,"href":"https:\/\/plazajuarez.mx\/historico\/wp-json\/wp\/v2\/users\/96"}],"replies":[{"embeddable":true,"href":"https:\/\/plazajuarez.mx\/historico\/wp-json\/wp\/v2\/comments?post=223158"}],"version-history":[{"count":0,"href":"https:\/\/plazajuarez.mx\/historico\/wp-json\/wp\/v2\/posts\/223158\/revisions"}],"wp:featuredmedia":[{"embeddable":true,"href":"https:\/\/plazajuarez.mx\/historico\/wp-json\/wp\/v2\/media\/223162"}],"wp:attachment":[{"href":"https:\/\/plazajuarez.mx\/historico\/wp-json\/wp\/v2\/media?parent=223158"}],"wp:term":[{"taxonomy":"category","embeddable":true,"href":"https:\/\/plazajuarez.mx\/historico\/wp-json\/wp\/v2\/categories?post=223158"},{"taxonomy":"post_tag","embeddable":true,"href":"https:\/\/plazajuarez.mx\/historico\/wp-json\/wp\/v2\/tags?post=223158"}],"curies":[{"name":"wp","href":"https:\/\/api.w.org\/{rel}","templated":true}]}}