{"id":223140,"date":"2022-07-20T09:47:08","date_gmt":"2022-07-20T14:47:08","guid":{"rendered":"https:\/\/plazajuarez.mx\/?p=223140"},"modified":"2022-07-20T09:48:07","modified_gmt":"2022-07-20T14:48:07","slug":"trailer_robo","status":"publish","type":"post","link":"https:\/\/plazajuarez.mx\/historico\/trailer_robo\/","title":{"rendered":"Tras robo de tr\u00e1iler en la regi\u00f3n de Tula, aseguraron a sujeto"},"content":{"rendered":"\n<p>En un operativo del C5i Hidalgo y la Polic\u00eda Estatal, se recuper\u00f3 un tractocami\u00f3n robado y se detuvo a una persona relacionada.&nbsp;<\/p>\n\n\n\n<p>Una llamada al 911 de Emergencias puso en alerta a oficiales estatales adscritos a la Delegaci\u00f3n Regional en Tula, sobre el robo de un veh\u00edculo de carga marca Freightliner, color blanco, con placas del servicio p\u00fablico federal.&nbsp;<\/p>\n\n\n\n<p>A trav\u00e9s de seguimiento, agentes y el C5i lograron detectar la unidad transitando en la carretera estatal Tula-Actopan, con direcci\u00f3n a Tula, donde le dieron alcance e intervinieron.&nbsp;<\/p>\n\n\n\n<p>El tripulante, que se identific\u00f3 como O.I.R.H., de 28 a\u00f1os, qued\u00f3 a disposici\u00f3n de la Fiscal\u00eda General de la Rep\u00fablica, instancia que dio inicio a la carpeta de investigaci\u00f3n contra la persona detenida.&nbsp;<\/p>\n","protected":false},"excerpt":{"rendered":"<p>En un operativo del C5i Hidalgo y la Polic\u00eda Estatal, se recuper\u00f3 un tractocami\u00f3n robado y se detuvo a una persona relacionada.&nbsp; Una llamada al 911 de Emergencias puso en alerta a oficiales estatales adscritos a la Delegaci\u00f3n Regional en Tula, sobre el robo de un veh\u00edculo de carga marca Freightliner, color blanco, con placas [&hellip;]<\/p>\n","protected":false},"author":93,"featured_media":223141,"comment_status":"closed","ping_status":"closed","sticky":false,"template":"","format":"standard","meta":{"footnotes":""},"categories":[37],"tags":[],"class_list":["post-223140","post","type-post","status-publish","format-standard","has-post-thumbnail","hentry","category-barandilla"],"_links":{"self":[{"href":"https:\/\/plazajuarez.mx\/historico\/wp-json\/wp\/v2\/posts\/223140","targetHints":{"allow":["GET"]}}],"collection":[{"href":"https:\/\/plazajuarez.mx\/historico\/wp-json\/wp\/v2\/posts"}],"about":[{"href":"https:\/\/plazajuarez.mx\/historico\/wp-json\/wp\/v2\/types\/post"}],"author":[{"embeddable":true,"href":"https:\/\/plazajuarez.mx\/historico\/wp-json\/wp\/v2\/users\/93"}],"replies":[{"embeddable":true,"href":"https:\/\/plazajuarez.mx\/historico\/wp-json\/wp\/v2\/comments?post=223140"}],"version-history":[{"count":0,"href":"https:\/\/plazajuarez.mx\/historico\/wp-json\/wp\/v2\/posts\/223140\/revisions"}],"wp:featuredmedia":[{"embeddable":true,"href":"https:\/\/plazajuarez.mx\/historico\/wp-json\/wp\/v2\/media\/223141"}],"wp:attachment":[{"href":"https:\/\/plazajuarez.mx\/historico\/wp-json\/wp\/v2\/media?parent=223140"}],"wp:term":[{"taxonomy":"category","embeddable":true,"href":"https:\/\/plazajuarez.mx\/historico\/wp-json\/wp\/v2\/categories?post=223140"},{"taxonomy":"post_tag","embeddable":true,"href":"https:\/\/plazajuarez.mx\/historico\/wp-json\/wp\/v2\/tags?post=223140"}],"curies":[{"name":"wp","href":"https:\/\/api.w.org\/{rel}","templated":true}]}}