{"id":223136,"date":"2022-07-20T09:43:55","date_gmt":"2022-07-20T14:43:55","guid":{"rendered":"https:\/\/plazajuarez.mx\/?p=223136"},"modified":"2022-07-20T09:44:48","modified_gmt":"2022-07-20T14:44:48","slug":"ambulancia_atita","status":"publish","type":"post","link":"https:\/\/plazajuarez.mx\/historico\/ambulancia_atita\/","title":{"rendered":"Ambulancia de Atitalaquia se accidenta, dos mueren"},"content":{"rendered":"\n<p><strong>La unidad de emergencia trasladaba a un paciente y otro veh\u00edculo del que se desconocen sus generales la impact\u00f3 de frente<\/strong><\/p>\n\n\n\n<p>Ayer por la ma\u00f1ana al 911 de Emergencias se report\u00f3 un hecho de tr\u00e1nsito terrestre, en la carretera M\u00e9xico\u2013Tuxpan, lo que dej\u00f3 saldo de dos muertos y p\u00e9rdidas materiales.<\/p>\n\n\n\n<p>El siniestro provoc\u00f3 movilizaci\u00f3n de elementos de las corporaciones policiales de la regi\u00f3n de Tulancingo y Huauchinango, adem\u00e1s de socorristas y param\u00e9dicos que acudieron a brindar apoyo a los afectados.<\/p>\n\n\n\n<p>El accidente en que se vio involucrada una ambulancia de Terapia Intensiva del municipio de Atitalaquia, tuvo lugar a la altura del kil\u00f3metro 135, que se localiza en el tramo del Tejocotal a Huauchinango, Puebla.<\/p>\n\n\n\n<p>Se sabe que la unidad de emergencia realizaba el traslado de un paciente, sin embargo repentinamente otro veh\u00edculo del que se desconocen sus generales, la impact\u00f3 de frente y quien iba al volante luego del choque se dio a la fuga sin dejar rastro de su paradero.<\/p>\n\n\n\n<p>Al momento personal de los equipos de emergencia atienden la situaci\u00f3n en donde presumiblemente se registraron tres personas lesionadas de consideraci\u00f3n.<\/p>\n","protected":false},"excerpt":{"rendered":"<p>La unidad de emergencia trasladaba a un paciente y otro veh\u00edculo del que se desconocen sus generales la impact\u00f3 de frente Ayer por la ma\u00f1ana al 911 de Emergencias se report\u00f3 un hecho de tr\u00e1nsito terrestre, en la carretera M\u00e9xico\u2013Tuxpan, lo que dej\u00f3 saldo de dos muertos y p\u00e9rdidas materiales. El siniestro provoc\u00f3 movilizaci\u00f3n de [&hellip;]<\/p>\n","protected":false},"author":93,"featured_media":223137,"comment_status":"closed","ping_status":"closed","sticky":false,"template":"","format":"standard","meta":{"footnotes":""},"categories":[37],"tags":[],"class_list":["post-223136","post","type-post","status-publish","format-standard","has-post-thumbnail","hentry","category-barandilla"],"_links":{"self":[{"href":"https:\/\/plazajuarez.mx\/historico\/wp-json\/wp\/v2\/posts\/223136","targetHints":{"allow":["GET"]}}],"collection":[{"href":"https:\/\/plazajuarez.mx\/historico\/wp-json\/wp\/v2\/posts"}],"about":[{"href":"https:\/\/plazajuarez.mx\/historico\/wp-json\/wp\/v2\/types\/post"}],"author":[{"embeddable":true,"href":"https:\/\/plazajuarez.mx\/historico\/wp-json\/wp\/v2\/users\/93"}],"replies":[{"embeddable":true,"href":"https:\/\/plazajuarez.mx\/historico\/wp-json\/wp\/v2\/comments?post=223136"}],"version-history":[{"count":0,"href":"https:\/\/plazajuarez.mx\/historico\/wp-json\/wp\/v2\/posts\/223136\/revisions"}],"wp:featuredmedia":[{"embeddable":true,"href":"https:\/\/plazajuarez.mx\/historico\/wp-json\/wp\/v2\/media\/223137"}],"wp:attachment":[{"href":"https:\/\/plazajuarez.mx\/historico\/wp-json\/wp\/v2\/media?parent=223136"}],"wp:term":[{"taxonomy":"category","embeddable":true,"href":"https:\/\/plazajuarez.mx\/historico\/wp-json\/wp\/v2\/categories?post=223136"},{"taxonomy":"post_tag","embeddable":true,"href":"https:\/\/plazajuarez.mx\/historico\/wp-json\/wp\/v2\/tags?post=223136"}],"curies":[{"name":"wp","href":"https:\/\/api.w.org\/{rel}","templated":true}]}}