{"id":223132,"date":"2022-07-20T09:40:13","date_gmt":"2022-07-20T14:40:13","guid":{"rendered":"https:\/\/plazajuarez.mx\/?p=223132"},"modified":"2022-07-20T09:41:55","modified_gmt":"2022-07-20T14:41:55","slug":"trailer_frenos","status":"publish","type":"post","link":"https:\/\/plazajuarez.mx\/historico\/trailer_frenos\/","title":{"rendered":"Tr\u00e1iler sin frenos arrolla veh\u00edculos; dos personas murieron"},"content":{"rendered":"\n<p>La ma\u00f1ana de ayer, se suscit\u00f3 un aparatoso accidente sobre la autopista Federal M\u00e9xico Tuxpan a la altura del kil\u00f3metro 139, que se ubica en las inmediaciones del municipio de Tulancingo, por lo que de manera extraoficial se sabe qu\u00e9 habr\u00eda dejado un saldo rojo de dos muertos varios heridos y cuantiosas p\u00e9rdidas materiales.<\/p>\n\n\n\n<p>El siniestro fue reportado por varios automovilistas particulares que llamaron al n\u00famero 911 de emergencias, solicitando la urgente intervenci\u00f3n de socorristas y param\u00e9dicos, porque hab\u00eda varias personas heridas y requer\u00edan de urgente atenci\u00f3n m\u00e9dica.<\/p>\n\n\n\n<p>Una intensa movilizaci\u00f3n gener\u00f3 el siniestro, ya que al lugar acudieron elementos de las corporaciones policiacas, as\u00ed como socorristas y param\u00e9dicos de la regi\u00f3n, quienes corroboraron que se trat\u00f3 de un accidente de tr\u00e1nsito terrestre.<\/p>\n\n\n\n<p>La informaci\u00f3n que se dio indica que un tr\u00e1iler que circulaba por la carretera antes descrita repentinamente se qued\u00f3 sin frenos y arroll\u00f3 a varios veh\u00edculos que transitaban en inmediaciones del municipio de Tulancingo.<\/p>\n\n\n\n<p>Al momento, personal de los servicios de emergencia y rescate laboran en el lugar del accidente y prestan auxilio a las personas que resultaron lesionadas.<\/p>\n\n\n\n<p>Asimismo, por el deceso de las dos personas se dio intervenci\u00f3n a la Procuradur\u00eda General de Justicia del Estado de Hidalgo, cuyo personal acudi\u00f3 a dar fe de lo acontecido, as\u00ed como a dar inicio a la carpeta de investigaci\u00f3n en la que se describieron los pormenores de la tragedia y realizar el levantamiento de los cuerpos sin vida, para su traslado al Servicio M\u00e9dico Forense para la pr\u00e1ctica de la necropsia de ley.<\/p>\n","protected":false},"excerpt":{"rendered":"<p>La ma\u00f1ana de ayer, se suscit\u00f3 un aparatoso accidente sobre la autopista Federal M\u00e9xico Tuxpan a la altura del kil\u00f3metro 139, que se ubica en las inmediaciones del municipio de Tulancingo, por lo que de manera extraoficial se sabe qu\u00e9 habr\u00eda dejado un saldo rojo de dos muertos varios heridos y cuantiosas p\u00e9rdidas materiales. El [&hellip;]<\/p>\n","protected":false},"author":93,"featured_media":223133,"comment_status":"closed","ping_status":"closed","sticky":false,"template":"","format":"standard","meta":{"footnotes":""},"categories":[37],"tags":[],"class_list":["post-223132","post","type-post","status-publish","format-standard","has-post-thumbnail","hentry","category-barandilla"],"_links":{"self":[{"href":"https:\/\/plazajuarez.mx\/historico\/wp-json\/wp\/v2\/posts\/223132","targetHints":{"allow":["GET"]}}],"collection":[{"href":"https:\/\/plazajuarez.mx\/historico\/wp-json\/wp\/v2\/posts"}],"about":[{"href":"https:\/\/plazajuarez.mx\/historico\/wp-json\/wp\/v2\/types\/post"}],"author":[{"embeddable":true,"href":"https:\/\/plazajuarez.mx\/historico\/wp-json\/wp\/v2\/users\/93"}],"replies":[{"embeddable":true,"href":"https:\/\/plazajuarez.mx\/historico\/wp-json\/wp\/v2\/comments?post=223132"}],"version-history":[{"count":0,"href":"https:\/\/plazajuarez.mx\/historico\/wp-json\/wp\/v2\/posts\/223132\/revisions"}],"wp:featuredmedia":[{"embeddable":true,"href":"https:\/\/plazajuarez.mx\/historico\/wp-json\/wp\/v2\/media\/223133"}],"wp:attachment":[{"href":"https:\/\/plazajuarez.mx\/historico\/wp-json\/wp\/v2\/media?parent=223132"}],"wp:term":[{"taxonomy":"category","embeddable":true,"href":"https:\/\/plazajuarez.mx\/historico\/wp-json\/wp\/v2\/categories?post=223132"},{"taxonomy":"post_tag","embeddable":true,"href":"https:\/\/plazajuarez.mx\/historico\/wp-json\/wp\/v2\/tags?post=223132"}],"curies":[{"name":"wp","href":"https:\/\/api.w.org\/{rel}","templated":true}]}}