{"id":223117,"date":"2022-07-20T09:23:27","date_gmt":"2022-07-20T14:23:27","guid":{"rendered":"https:\/\/plazajuarez.mx\/?p=223117"},"modified":"2022-07-20T09:23:33","modified_gmt":"2022-07-20T14:23:33","slug":"alcalde-da-positivo-a-covid","status":"publish","type":"post","link":"https:\/\/plazajuarez.mx\/historico\/alcalde-da-positivo-a-covid\/","title":{"rendered":"Alcalde da positivo a Covid"},"content":{"rendered":"\n<p>San Salvador.- Regidores de San Salvador, tambi\u00e9n se resguardar\u00e1n, luego de haber convivido con el presidente municipal, Armando Azpeitia D\u00edaz, quien dio positivo a Covid.<\/p>\n\n\n\n<p>Por la ma\u00f1ana del lunes, el alcalde sostuvo reuniones con funcionarios municipales, asimismo con los regidores. Explicaron, que ellos se enteraron por las redes sociales, debido a que no se les comunic\u00f3 desde el momento en que fue diagnosticado.&nbsp;<\/p>\n\n\n\n<p>Las funciones del alcalde, ser\u00e1n atendidas por el secretario general del ayuntamiento, inform\u00f3 la alcald\u00eda a trav\u00e9s de un comunicado. El presidente, se mantendr\u00e1 en aislamiento en su domicilio hasta que lo autoricen los m\u00e9dicos.&nbsp;<\/p>\n\n\n\n<p>\u201cSe informa a la ciudadan\u00eda que nuestro presidente municipal, Armando Azpeitia D\u00edaz, ha contra\u00eddo SARS-CoV-2 (COVID-19), motivo por el cual permanecer\u00e1 en aislamiento y no se encontrar\u00e1 disponible dentro de los siguientes d\u00edas hasta que su estado de salud se lo permita. Para las actividades pendientes el secretario general, Diego P\u00e9rez Bruno, atender\u00e1 y dar\u00e1 respuesta a los asuntos referentes al municipio\u201d.<\/p>\n","protected":false},"excerpt":{"rendered":"<p>San Salvador.- Regidores de San Salvador, tambi\u00e9n se resguardar\u00e1n, luego de haber convivido con el presidente municipal, Armando Azpeitia D\u00edaz, quien dio positivo a Covid. Por la ma\u00f1ana del lunes, el alcalde sostuvo reuniones con funcionarios municipales, asimismo con los regidores. Explicaron, que ellos se enteraron por las redes sociales, debido a que no se [&hellip;]<\/p>\n","protected":false},"author":93,"featured_media":223118,"comment_status":"closed","ping_status":"closed","sticky":false,"template":"","format":"standard","meta":{"footnotes":""},"categories":[2159,40],"tags":[],"class_list":["post-223117","post","type-post","status-publish","format-standard","has-post-thumbnail","hentry","category-noticias-de-hidalgo","category-region"],"_links":{"self":[{"href":"https:\/\/plazajuarez.mx\/historico\/wp-json\/wp\/v2\/posts\/223117","targetHints":{"allow":["GET"]}}],"collection":[{"href":"https:\/\/plazajuarez.mx\/historico\/wp-json\/wp\/v2\/posts"}],"about":[{"href":"https:\/\/plazajuarez.mx\/historico\/wp-json\/wp\/v2\/types\/post"}],"author":[{"embeddable":true,"href":"https:\/\/plazajuarez.mx\/historico\/wp-json\/wp\/v2\/users\/93"}],"replies":[{"embeddable":true,"href":"https:\/\/plazajuarez.mx\/historico\/wp-json\/wp\/v2\/comments?post=223117"}],"version-history":[{"count":0,"href":"https:\/\/plazajuarez.mx\/historico\/wp-json\/wp\/v2\/posts\/223117\/revisions"}],"wp:featuredmedia":[{"embeddable":true,"href":"https:\/\/plazajuarez.mx\/historico\/wp-json\/wp\/v2\/media\/223118"}],"wp:attachment":[{"href":"https:\/\/plazajuarez.mx\/historico\/wp-json\/wp\/v2\/media?parent=223117"}],"wp:term":[{"taxonomy":"category","embeddable":true,"href":"https:\/\/plazajuarez.mx\/historico\/wp-json\/wp\/v2\/categories?post=223117"},{"taxonomy":"post_tag","embeddable":true,"href":"https:\/\/plazajuarez.mx\/historico\/wp-json\/wp\/v2\/tags?post=223117"}],"curies":[{"name":"wp","href":"https:\/\/api.w.org\/{rel}","templated":true}]}}