{"id":223110,"date":"2022-07-20T09:18:27","date_gmt":"2022-07-20T14:18:27","guid":{"rendered":"https:\/\/plazajuarez.mx\/?p=223110"},"modified":"2022-07-20T09:18:35","modified_gmt":"2022-07-20T14:18:35","slug":"bajo-velocidad-de-transmisibilidad-de-covid-en-tulancingo","status":"publish","type":"post","link":"https:\/\/plazajuarez.mx\/historico\/bajo-velocidad-de-transmisibilidad-de-covid-en-tulancingo\/","title":{"rendered":"Baj\u00f3 velocidad de transmisibilidad de Covid en Tulancingo"},"content":{"rendered":"\n<p>Al igual que se presenta a nivel nacional, Tulancingo muestra desaceleraci\u00f3n y ha bajado la transmisibilidad del Covid en el municipio. As\u00ed lo denotan cifras del resumen t\u00e9cnico con corte al 18 de julio as\u00ed como una ca\u00edda en el porcentaje de positividad, entre personas que se han hecho una prueba.<\/p>\n\n\n\n<p>Dicha informaci\u00f3n fluy\u00f3 en la sesi\u00f3n quincenal del Comit\u00e9 Jurisdiccional de Seguridad en Salud&nbsp; en donde se confirm\u00f3 que se mantiene la aplicaci\u00f3n de medidas de bioseguridad&nbsp; y&nbsp; el aforo permitido para la realizaci\u00f3n de actividades, es del 70 por ciento.<\/p>\n\n\n\n<p>En los negocios, ser\u00e1 supervisado que existan filtros de acceso y rutas de evacuaci\u00f3n, adem\u00e1s que haya gel antibacterial disponible, como parte de las medidas de protecci\u00f3n aunado a la sana distancia y otras medidas.<\/p>\n\n\n\n<p>Tras&nbsp; reconocer que la quinta ola de covid empieza a ceder, las autoridades&nbsp; establecieron como punto de acuerdo que ante la cercan\u00eda de la feria de&nbsp; Tulancingo, la COPRISEH&nbsp; capacitar\u00e1 a los manejadores de alimentos tanto de la&nbsp; feria religiosa como de la expo a fin de que apliquen puntualmente los lineamientos se\u00f1alados por el sector salud.<\/p>\n","protected":false},"excerpt":{"rendered":"<p>Al igual que se presenta a nivel nacional, Tulancingo muestra desaceleraci\u00f3n y ha bajado la transmisibilidad del Covid en el municipio. As\u00ed lo denotan cifras del resumen t\u00e9cnico con corte al 18 de julio as\u00ed como una ca\u00edda en el porcentaje de positividad, entre personas que se han hecho una prueba. Dicha informaci\u00f3n fluy\u00f3 en [&hellip;]<\/p>\n","protected":false},"author":93,"featured_media":223111,"comment_status":"closed","ping_status":"closed","sticky":false,"template":"","format":"standard","meta":{"footnotes":""},"categories":[2159,40],"tags":[],"class_list":["post-223110","post","type-post","status-publish","format-standard","has-post-thumbnail","hentry","category-noticias-de-hidalgo","category-region"],"_links":{"self":[{"href":"https:\/\/plazajuarez.mx\/historico\/wp-json\/wp\/v2\/posts\/223110","targetHints":{"allow":["GET"]}}],"collection":[{"href":"https:\/\/plazajuarez.mx\/historico\/wp-json\/wp\/v2\/posts"}],"about":[{"href":"https:\/\/plazajuarez.mx\/historico\/wp-json\/wp\/v2\/types\/post"}],"author":[{"embeddable":true,"href":"https:\/\/plazajuarez.mx\/historico\/wp-json\/wp\/v2\/users\/93"}],"replies":[{"embeddable":true,"href":"https:\/\/plazajuarez.mx\/historico\/wp-json\/wp\/v2\/comments?post=223110"}],"version-history":[{"count":0,"href":"https:\/\/plazajuarez.mx\/historico\/wp-json\/wp\/v2\/posts\/223110\/revisions"}],"wp:featuredmedia":[{"embeddable":true,"href":"https:\/\/plazajuarez.mx\/historico\/wp-json\/wp\/v2\/media\/223111"}],"wp:attachment":[{"href":"https:\/\/plazajuarez.mx\/historico\/wp-json\/wp\/v2\/media?parent=223110"}],"wp:term":[{"taxonomy":"category","embeddable":true,"href":"https:\/\/plazajuarez.mx\/historico\/wp-json\/wp\/v2\/categories?post=223110"},{"taxonomy":"post_tag","embeddable":true,"href":"https:\/\/plazajuarez.mx\/historico\/wp-json\/wp\/v2\/tags?post=223110"}],"curies":[{"name":"wp","href":"https:\/\/api.w.org\/{rel}","templated":true}]}}